{"id":3102,"date":"2016-11-28T06:52:00","date_gmt":"2016-11-28T06:52:00","guid":{"rendered":"https:\/\/codexflores.ch\/index.php\/2016\/11\/28\/michael-sanderling-verlaesst-die-dresdner-philharmonie-2019\/"},"modified":"2016-11-28T06:52:00","modified_gmt":"2016-11-28T06:52:00","slug":"michael-sanderling-verlaesst-die-dresdner-philharmonie-2019","status":"publish","type":"post","link":"https:\/\/codexflores.ch\/index.php\/2016\/11\/28\/michael-sanderling-verlaesst-die-dresdner-philharmonie-2019\/","title":{"rendered":"Michael Sanderling verl\u00e4sst die Dresdner Philharmonie 2019"},"content":{"rendered":"<p><span style=\"font-family: arial,helvetica,sans-serif; font-size: small;\">28.11.2016 &#8212; Michael Sanderling, der beim Z\u00fcrcher Tonhalle-Orchester auch als potentieller Nachfolger von Lionel Bringuier gehandelt wird, hat angek\u00fcndigt, dass er seinen <\/span><span style=\"font-family: arial,helvetica,sans-serif; font-size: small;\">Vertrag als Chef der <\/span><span style=\"font-family: arial,helvetica,sans-serif; font-size: small;\">Dresdner Philharmonie nicht verl\u00e4ngern wird. Er ist \u00fcber Budgetk\u00fcrzungen und deren Kommunkation ver\u00e4rgert.<\/span><\/p>\n<p><span style=\"font-family: arial,helvetica,sans-serif; font-size: small;\"><strong>28.11.2016 &#8212; <span style=\"font-family: arial,helvetica,sans-serif; font-size: small;\">Michael Sanderling, der beim Z\u00fcrcher Tonhalle-Orchester auch als potentieller Nachfolger von Lionel Bringuier gehandelt wird, hat angek\u00fcndigt, dass er seinen <\/span><span style=\"font-family: arial,helvetica,sans-serif; font-size: small;\">Vertrag als Chef der <\/span><span style=\"font-family: arial,helvetica,sans-serif; font-size: small;\">Dresdner Philharmonie nicht verl\u00e4ngern wird. Er ist \u00fcber Budgetk\u00fcrzungen und deren Kommunkation ver\u00e4rgert.<\/span><br \/><\/strong><\/span><\/p>\n<p><span style=\"font-family: arial,helvetica,sans-serif; font-size: small;\">\u00a0<\/span><\/p>\n<p><span style=\"font-family: arial,helvetica,sans-serif; font-size: small;\">In einem Brief an Kulturb\u00fcrgermeisterin Annekatrin Klepsch \u00e4ussert Sanderling laut einer offiziellen Pressemtteilung \u00absein Unverst\u00e4ndnis und seine Ver\u00e4rgerung \u00fcber die Vorg\u00e4nge rund um den Beschluss des Stadtrates zum Doppelhaushalt 2017\/18\u00bb. <\/span><\/p>\n<p><span style=\"font-family: arial,helvetica,sans-serif; font-size: small;\">\u00a0<\/span><\/p>\n<p><span style=\"font-family: arial,helvetica,sans-serif; font-size: small;\">\u00abGr\u00f6sstes Unverst\u00e4ndnis\u00bb \u00e4ussert er auch \u00fcber die Tatsache, dass er von der geplanten K\u00fcrzung aus der Presse erfahren musste. F\u00fcr Gespr\u00e4che \u00fcber eine Vertragsverl\u00e4ngerung nach 2019 stehe er nicht mehr zur Verf\u00fcgung. <\/span><\/p>\n<p><span style=\"font-family: arial,helvetica,sans-serif; font-size: small;\">\u00a0<\/span><\/p>\n<p><span style=\"font-family: arial,helvetica,sans-serif; font-size: small;\">Ein sofortiger R\u00fccktritt komme f\u00fcr ihn nur deshalb nicht in Frage, weil er sich dem Orchester und seinem Publikum gegen\u00fcber in der Verantwortung f\u00fchle. Er werde sein Versprechen halten, nach der erfolgreichen F\u00fchrung des Orchesters durch die Zeit des Interims, und dem Einzug in den neuen Konzertsaal 2017 auch seine bisher vertraglich fixierten k\u00fcnstlerischen Verpflichtungen bis zur Saison 2018\/19 zu erf\u00fcllen. <em>(cf)<\/em><\/span><\/p>\n","protected":false},"excerpt":{"rendered":"<p><span style=\"font-family: arial,helvetica,sans-serif; font-size: small;\">28.11.2016 &#8212; Michael Sanderling, der beim Z\u00fcrcher Tonhalle-Orchester auch als potentieller Nachfolger von Lionel Bringuier gehandelt wird, hat angek\u00fcndigt, dass er seinen <\/span><span style=\"font-family: arial,helvetica,sans-serif; font-size: small;\">Vertrag als Chef der <\/span><span style=\"font-family: arial,helvetica,sans-serif; font-size: small;\">Dresdner Philharmonie nicht verl\u00e4ngern wird. Er ist \u00fcber Budgetk\u00fcrzungen und deren Kommunkation ver\u00e4rgert.<\/span><\/p>\n","protected":false},"author":1,"featured_media":0,"comment_status":"open","ping_status":"open","sticky":false,"template":"","format":"standard","meta":{"footnotes":""},"categories":[2],"tags":[],"class_list":["post-3102","post","type-post","status-publish","format-standard","hentry","category-nachrichten","entry"],"_links":{"self":[{"href":"https:\/\/codexflores.ch\/index.php\/wp-json\/wp\/v2\/posts\/3102","targetHints":{"allow":["GET"]}}],"collection":[{"href":"https:\/\/codexflores.ch\/index.php\/wp-json\/wp\/v2\/posts"}],"about":[{"href":"https:\/\/codexflores.ch\/index.php\/wp-json\/wp\/v2\/types\/post"}],"author":[{"embeddable":true,"href":"https:\/\/codexflores.ch\/index.php\/wp-json\/wp\/v2\/users\/1"}],"replies":[{"embeddable":true,"href":"https:\/\/codexflores.ch\/index.php\/wp-json\/wp\/v2\/comments?post=3102"}],"version-history":[{"count":0,"href":"https:\/\/codexflores.ch\/index.php\/wp-json\/wp\/v2\/posts\/3102\/revisions"}],"wp:attachment":[{"href":"https:\/\/codexflores.ch\/index.php\/wp-json\/wp\/v2\/media?parent=3102"}],"wp:term":[{"taxonomy":"category","embeddable":true,"href":"https:\/\/codexflores.ch\/index.php\/wp-json\/wp\/v2\/categories?post=3102"},{"taxonomy":"post_tag","embeddable":true,"href":"https:\/\/codexflores.ch\/index.php\/wp-json\/wp\/v2\/tags?post=3102"}],"curies":[{"name":"wp","href":"https:\/\/api.w.org\/{rel}","templated":true}]}}