{"id":3107,"date":"2016-12-01T07:18:02","date_gmt":"2016-12-01T07:18:02","guid":{"rendered":"https:\/\/codexflores.ch\/index.php\/2016\/12\/01\/schwetzinger-festspiele-2017-widmen-sich-monteverdi\/"},"modified":"2016-12-01T07:18:02","modified_gmt":"2016-12-01T07:18:02","slug":"schwetzinger-festspiele-2017-widmen-sich-monteverdi","status":"publish","type":"post","link":"https:\/\/codexflores.ch\/index.php\/2016\/12\/01\/schwetzinger-festspiele-2017-widmen-sich-monteverdi\/","title":{"rendered":"Schwetzinger Festspiele 2017 widmen sich Monteverdi"},"content":{"rendered":"<p><span style=\"font-family: arial,helvetica,sans-serif; font-size: small;\">01.12.2016 &#8212; Die 66. Schwetzinger SWR Festspiele stehen im Jahr 2017 unter dem Motto \u00abLeidenschaft\u00bb. Die Musik Claudio Monteverdis bildet einen inhaltlichen Schwerpunkt des Festivalprogramms.<\/span><\/p>\n<p><span style=\"font-family: arial,helvetica,sans-serif; font-size: small;\"><strong>01.12.2016 &#8212; Die 66. Schwetzinger SWR Festspiele stehen im Jahr 2017 unter dem Motto \u00abLeidenschaft\u00bb. Die Musik Claudio Monteverdis bildet einen inhaltlichen Schwerpunkt des Festivalprogramms.<\/strong><\/span><\/p>\n<p><span style=\"font-family: arial,helvetica,sans-serif; font-size: small;\">\u00a0<\/span><\/p>\n<p><span style=\"font-family: arial,helvetica,sans-serif; font-size: small;\">Den halbszenischen Auff\u00fchrungen der drei \u00fcberlieferten Opern Monteverdis steht die Urauff\u00fchrung der Musiktheaterproduktion \u00abTre Volti \u2013 Drei Blicke auf Liebe und Krieg\u00bb gegen\u00fcber, die in engem Bezug zu Monteverdis Musik am 28. April die Schwetzinger SWR Festspiele er\u00f6ffnet. Das Werk von Annette Schl\u00fcnz (Musik) und Ulrike Draesner (Text) in der Regie von Ingrid von Wantoch Rekowski und unter der musikalischen Leitung von Jeremias Schwarzer nimmt direkten Bezug auf Claudio Monteverdis Madrigal \u00abIl Combattimento di Tancredi e Clorinda\u00bb.<\/span><\/p>\n<p>\u00a0<\/p>\n<p><span style=\"font-family: arial,helvetica,sans-serif; font-size: small;\">In insgesamt 52 Veranstaltungen pflegt die neue K\u00fcnstlerische Leiterin Heike Hoffmann der Schwetzinger Festspiele die Tradition der Festspiele und setzt gleichzeitig neue Akzente. Die Festspiele dauern vom 28. April bis zum 27. Mai 2017. Der Kartenvorverkauf beginnt am 7. Dezember 2016. <em>(cf)<\/em><\/span><\/p>\n<p><span style=\"font-family: arial,helvetica,sans-serif; font-size: small;\">\u00a0<\/span><\/p>\n","protected":false},"excerpt":{"rendered":"<p><span style=\"font-family: arial,helvetica,sans-serif; font-size: small;\">01.12.2016 &#8212; Die 66. Schwetzinger SWR Festspiele stehen im Jahr 2017 unter dem Motto \u00abLeidenschaft\u00bb. Die Musik Claudio Monteverdis bildet einen inhaltlichen Schwerpunkt des Festivalprogramms.<\/span><\/p>\n","protected":false},"author":1,"featured_media":0,"comment_status":"open","ping_status":"open","sticky":false,"template":"","format":"standard","meta":{"footnotes":""},"categories":[2],"tags":[],"class_list":["post-3107","post","type-post","status-publish","format-standard","hentry","category-nachrichten","entry"],"_links":{"self":[{"href":"https:\/\/codexflores.ch\/index.php\/wp-json\/wp\/v2\/posts\/3107","targetHints":{"allow":["GET"]}}],"collection":[{"href":"https:\/\/codexflores.ch\/index.php\/wp-json\/wp\/v2\/posts"}],"about":[{"href":"https:\/\/codexflores.ch\/index.php\/wp-json\/wp\/v2\/types\/post"}],"author":[{"embeddable":true,"href":"https:\/\/codexflores.ch\/index.php\/wp-json\/wp\/v2\/users\/1"}],"replies":[{"embeddable":true,"href":"https:\/\/codexflores.ch\/index.php\/wp-json\/wp\/v2\/comments?post=3107"}],"version-history":[{"count":0,"href":"https:\/\/codexflores.ch\/index.php\/wp-json\/wp\/v2\/posts\/3107\/revisions"}],"wp:attachment":[{"href":"https:\/\/codexflores.ch\/index.php\/wp-json\/wp\/v2\/media?parent=3107"}],"wp:term":[{"taxonomy":"category","embeddable":true,"href":"https:\/\/codexflores.ch\/index.php\/wp-json\/wp\/v2\/categories?post=3107"},{"taxonomy":"post_tag","embeddable":true,"href":"https:\/\/codexflores.ch\/index.php\/wp-json\/wp\/v2\/tags?post=3107"}],"curies":[{"name":"wp","href":"https:\/\/api.w.org\/{rel}","templated":true}]}}