{"id":3115,"date":"2016-12-13T07:32:24","date_gmt":"2016-12-13T07:32:24","guid":{"rendered":"https:\/\/codexflores.ch\/index.php\/2016\/12\/13\/poltera-wird-mit-goldenem-bogen-geehrt\/"},"modified":"2016-12-13T07:32:24","modified_gmt":"2016-12-13T07:32:24","slug":"poltera-wird-mit-goldenem-bogen-geehrt","status":"publish","type":"post","link":"https:\/\/codexflores.ch\/index.php\/2016\/12\/13\/poltera-wird-mit-goldenem-bogen-geehrt\/","title":{"rendered":"Polt\u00e9ra wird mit \u00abGoldenem Bogen\u00bb geehrt"},"content":{"rendered":"<p><span style=\"font-family: arial,helvetica,sans-serif; font-size: small;\">13.12.2016 &#8212; Der Schweizer Cellist Christian Polt\u00e9ra wird anl\u00e4sslich des Er\u00f6ffnungskonzerts der Musikfestwoche Meiringen 2017 durch die Stiftung Geigenbauschule Brienz mit dem \u00abGoldenen Bogen\u00bb ausgezeichnet.<\/span><\/p>\n<p><span style=\"font-family: arial,helvetica,sans-serif; font-size: small;\"><strong>13.12.2016 &#8212; Der Schweizer Cellist Christian Polt\u00e9ra wird anl\u00e4sslich des Er\u00f6ffnungskonzerts der Musikfestwoche Meiringen 2017 durch die Stiftung Geigenbauschule Brienz mit dem \u00abGoldenen Bogen\u00bb ausgezeichnet.<\/strong><\/span><\/p>\n<p><span style=\"font-family: arial,helvetica,sans-serif; font-size: small;\">\u00a0<\/span><\/p>\n<p><span style=\"font-family: arial,helvetica,sans-serif; font-size: small;\">Der geb\u00fcrtige Z\u00fcrcher Christian Polt\u00e9ra studierte bei Nancy Chumachenco, Boris Pergamenschikow und Heinrich Schiff in Salzburg und Wien. 2004 wurde er mit dem Borletti-Buitoni Award ausgezeichnet und als BBC New Generation Artist ausgew\u00e4hlt. Neben seiner Konzertt\u00e4tigkeit amtet er als Dozent an der Hochschule Luzern.<\/span><\/p>\n<p><span style=\"font-family: arial,helvetica,sans-serif; font-size: small;\">\u00a0<\/span><\/p>\n<p><span style=\"font-family: arial,helvetica,sans-serif; font-size: small;\">Der \u00abGoldene Bogen\u00bb wird seit dem Jahr 2000 von der Stiftung Geigenbauschule Brienz f\u00fcr herausragenden Leistungen in der F\u00f6rderung der Streichinstrumente vergeben. Er ist \u00abkommunizierendes Sinnbild f\u00fcr die Verbindung von Musik und Geigenbau und setzt als Botschafter f\u00fcr die Schweiz international ein wichtiges Zeichen\u00bb. <em>(cf)<\/em><\/span><\/p>\n","protected":false},"excerpt":{"rendered":"<p><span style=\"font-family: arial,helvetica,sans-serif; font-size: small;\">13.12.2016 &#8212; Der Schweizer Cellist Christian Polt\u00e9ra wird anl\u00e4sslich des Er\u00f6ffnungskonzerts der Musikfestwoche Meiringen 2017 durch die Stiftung Geigenbauschule Brienz mit dem \u00abGoldenen Bogen\u00bb ausgezeichnet.<\/span><\/p>\n","protected":false},"author":1,"featured_media":0,"comment_status":"open","ping_status":"open","sticky":false,"template":"","format":"standard","meta":{"footnotes":""},"categories":[2],"tags":[],"class_list":["post-3115","post","type-post","status-publish","format-standard","hentry","category-nachrichten","entry"],"_links":{"self":[{"href":"https:\/\/codexflores.ch\/index.php\/wp-json\/wp\/v2\/posts\/3115","targetHints":{"allow":["GET"]}}],"collection":[{"href":"https:\/\/codexflores.ch\/index.php\/wp-json\/wp\/v2\/posts"}],"about":[{"href":"https:\/\/codexflores.ch\/index.php\/wp-json\/wp\/v2\/types\/post"}],"author":[{"embeddable":true,"href":"https:\/\/codexflores.ch\/index.php\/wp-json\/wp\/v2\/users\/1"}],"replies":[{"embeddable":true,"href":"https:\/\/codexflores.ch\/index.php\/wp-json\/wp\/v2\/comments?post=3115"}],"version-history":[{"count":0,"href":"https:\/\/codexflores.ch\/index.php\/wp-json\/wp\/v2\/posts\/3115\/revisions"}],"wp:attachment":[{"href":"https:\/\/codexflores.ch\/index.php\/wp-json\/wp\/v2\/media?parent=3115"}],"wp:term":[{"taxonomy":"category","embeddable":true,"href":"https:\/\/codexflores.ch\/index.php\/wp-json\/wp\/v2\/categories?post=3115"},{"taxonomy":"post_tag","embeddable":true,"href":"https:\/\/codexflores.ch\/index.php\/wp-json\/wp\/v2\/tags?post=3115"}],"curies":[{"name":"wp","href":"https:\/\/api.w.org\/{rel}","templated":true}]}}