{"id":3116,"date":"2016-12-14T06:27:06","date_gmt":"2016-12-14T06:27:06","guid":{"rendered":"https:\/\/codexflores.ch\/index.php\/2016\/12\/14\/gruendung-eines-jugendorchesters-der-ukraine\/"},"modified":"2016-12-14T06:27:06","modified_gmt":"2016-12-14T06:27:06","slug":"gruendung-eines-jugendorchesters-der-ukraine","status":"publish","type":"post","link":"https:\/\/codexflores.ch\/index.php\/2016\/12\/14\/gruendung-eines-jugendorchesters-der-ukraine\/","title":{"rendered":"Gr\u00fcndung eines Jugendorchesters der Ukraine"},"content":{"rendered":"<p><span style=\"font-family: arial,helvetica,sans-serif; font-size: small;\">14.12.2016 &#8212; Das deutsche Bundesjugendorchester und sein Tr\u00e4ger Deutscher Musikrat unterst\u00fctzen derzeit mit seinen Partnern Beethovenfest Bonn und Deutsche Welle die Gr\u00fcndung des Jugendorchesters der Ukraine.<\/span><\/p>\n<p><span style=\"font-family: arial,helvetica,sans-serif; font-size: small;\"><strong>14.12.2016 &#8212; Das deutsche Bundesjugendorchester und sein Tr\u00e4ger Deutscher Musikrat unterst\u00fctzen derzeit mit seinen Partnern Beethovenfest Bonn und Deutsche Welle die Gr\u00fcndung des Jugendorchesters der Ukraine.<\/strong><\/span><\/p>\n<p><span style=\"font-family: arial,helvetica,sans-serif; font-size: small;\">\u00a0<\/span><\/p>\n<p><span style=\"font-family: arial,helvetica,sans-serif; font-size: small;\">Von \u00fcber 300 Bewerbern f\u00fcr das erste landesweite Ensemble h\u00f6rt eine bilaterale Jury unter dem Vorsitz der Dirigentin Oksana Lyniv laut dem Deutschen Musikrat die besten 100 Bewerber. Die erste gemeinsame Arbeitsphase und Tournee des Orchesters wird im August 2017 in deutsch-ukrainischer Besetzung in Lviv stattfinden. Konzerte f\u00fchren die 14- bis 22j\u00e4hrigen Jugendlichen von der Heimatstadt des Kooperationspartners Lviv.Moz.Art nach Odessa, Chrakiw und Kiew. <\/span><\/p>\n<p>\u00a0<\/p>\n<p><span style=\"font-family: arial,helvetica,sans-serif; font-size: small;\">Im Anschluss ist die Formation eingeladen beim Internationalen Beethovenfest Bonn im World Conference Center zu gastieren. Dort wird eine Auftragskomposition der Deutschen Welle von dem ukrainischen Komponisten Bohdan Sehin uraufgef\u00fchrt. Die Deutsche Welle begleitet das Projekt medial.\u00a0 <em>(cf)<\/em><\/span><\/p>\n<p><span style=\"font-family: arial,helvetica,sans-serif; font-size: small;\">\u00a0<\/span><\/p>\n","protected":false},"excerpt":{"rendered":"<p><span style=\"font-family: arial,helvetica,sans-serif; font-size: small;\">14.12.2016 &#8212; Das deutsche Bundesjugendorchester und sein Tr\u00e4ger Deutscher Musikrat unterst\u00fctzen derzeit mit seinen Partnern Beethovenfest Bonn und Deutsche Welle die Gr\u00fcndung des Jugendorchesters der Ukraine.<\/span><\/p>\n","protected":false},"author":1,"featured_media":0,"comment_status":"open","ping_status":"open","sticky":false,"template":"","format":"standard","meta":{"footnotes":""},"categories":[2],"tags":[],"class_list":["post-3116","post","type-post","status-publish","format-standard","hentry","category-nachrichten","entry"],"_links":{"self":[{"href":"https:\/\/codexflores.ch\/index.php\/wp-json\/wp\/v2\/posts\/3116","targetHints":{"allow":["GET"]}}],"collection":[{"href":"https:\/\/codexflores.ch\/index.php\/wp-json\/wp\/v2\/posts"}],"about":[{"href":"https:\/\/codexflores.ch\/index.php\/wp-json\/wp\/v2\/types\/post"}],"author":[{"embeddable":true,"href":"https:\/\/codexflores.ch\/index.php\/wp-json\/wp\/v2\/users\/1"}],"replies":[{"embeddable":true,"href":"https:\/\/codexflores.ch\/index.php\/wp-json\/wp\/v2\/comments?post=3116"}],"version-history":[{"count":0,"href":"https:\/\/codexflores.ch\/index.php\/wp-json\/wp\/v2\/posts\/3116\/revisions"}],"wp:attachment":[{"href":"https:\/\/codexflores.ch\/index.php\/wp-json\/wp\/v2\/media?parent=3116"}],"wp:term":[{"taxonomy":"category","embeddable":true,"href":"https:\/\/codexflores.ch\/index.php\/wp-json\/wp\/v2\/categories?post=3116"},{"taxonomy":"post_tag","embeddable":true,"href":"https:\/\/codexflores.ch\/index.php\/wp-json\/wp\/v2\/tags?post=3116"}],"curies":[{"name":"wp","href":"https:\/\/api.w.org\/{rel}","templated":true}]}}