{"id":3117,"date":"2016-12-14T06:38:20","date_gmt":"2016-12-14T06:38:20","guid":{"rendered":"https:\/\/codexflores.ch\/index.php\/2016\/12\/14\/wirkung-gedehnter-zeit-als-forschungsprojekt\/"},"modified":"2016-12-14T06:38:20","modified_gmt":"2016-12-14T06:38:20","slug":"wirkung-gedehnter-zeit-als-forschungsprojekt","status":"publish","type":"post","link":"https:\/\/codexflores.ch\/index.php\/2016\/12\/14\/wirkung-gedehnter-zeit-als-forschungsprojekt\/","title":{"rendered":"Wirkung gedehnter Zeit als Forschungsprojekt"},"content":{"rendered":"<p><span style=\"font-family: arial,helvetica,sans-serif; font-size: small;\">14.12.2016 &#8212; Der Europ\u00e4ische Forschungsrat unterst\u00fctzt das Projekt \u00abSlow Motion: Transformations of Musical Time in Perception and Performance\u00bb von Clemens W\u00f6llner vom Institut f\u00fcr Systematische Musikwissenschaft der Universit\u00e4t Hamburg.<\/span><\/p>\n<p><span style=\"font-family: arial,helvetica,sans-serif; font-size: small;\"><strong> 14.12.2016 &#8212; Der Europ\u00e4ische Forschungsrat unterst\u00fctzt das Projekt \u00abSlow Motion: Transformations of Musical Time in Perception and Performance\u00bb von Clemens W\u00f6llner vom Institut f\u00fcr Systematische Musikwissenschaft der Universit\u00e4t Hamburg.<\/strong><\/span><\/p>\n<p><span style=\"font-family: arial,helvetica,sans-serif; font-size: small;\">\u00a0<\/span><\/p>\n<p><span style=\"font-family: arial,helvetica,sans-serif; font-size: small;\">Gegenstand des interdisziplin\u00e4r angelegten Forschungsprojekts, das \u00fcber eine Laufzeit von f\u00fcnf Jahren mit knapp 2 Millionen Euro gef\u00f6rdert wird, ist die gedehnte Zeit oder Zeitlupe in Wahrnehmung und Handlungen bei Musikerinnen und Musikern beziehungsweise T\u00e4nzerinnen und T\u00e4nzern. Musik ist durch verschiedene Zeitebenen charakterisiert und bewegt Menschen oft stark.<\/span><\/p>\n<p><span style=\"font-family: arial,helvetica,sans-serif; font-size: small;\">\u00a0<\/span><\/p>\n<p><span style=\"font-family: arial,helvetica,sans-serif; font-size: small;\">Clemes W\u00f6llner wird mit seinem Team die Wirkung gedehnter Zeit erforschen, die in Filmen und Videoclips besonders in emotionalen Momenten stark verbreitet ist. Sie wird aber auch als Kontrapunkt zu den Beschleunigungsprozessen in modernen Zivilisationen gesehen. Dar\u00fcber hinaus dient die Zeitlupe Musikerinnen und Musikern, aber auch in der Tanzkunst oder im Leistungssport der Koordination und \u00dcbung komplexer Bewegungsabl\u00e4ufe.<\/span><\/p>\n<p><span style=\"font-family: arial,helvetica,sans-serif; font-size: small;\">\u00a0<\/span><\/p>\n<p><span style=\"font-family: arial,helvetica,sans-serif; font-size: small;\">In einer ersten Phase soll die Wahrnehmung der Zeitlupe in audiovisuellen Medien untersucht werden. Dabei werden neben kognitiven und physiologischen Messungen auch Analysen der Blickbewegungen durchgef\u00fchrt. In der zweiten Projektphase sollen die performativen Dimensionen der gedehnten Zeit bei Solo- und Ensemblemusikerinnen und -musikern sowie bei T\u00e4nzerinnen und T\u00e4nzern untersucht werden, wobei Hochgeschwindigkeitskameras und Bewegungsanalysesysteme zum Einsatz kommen.<\/span><\/p>\n<p><span style=\"font-family: arial,helvetica,sans-serif; font-size: small;\">\u00a0<\/span><\/p>\n<p><span style=\"font-family: arial,helvetica,sans-serif; font-size: small;\">Schliesslich werden in einer dritten Phase Forschungstransfers generiert und evaluiert, unter anderem soll eine interaktive App entwickelt werden. Eine der zentralen Hypothesen des Projekts ist, dass Musik die Wahrnehmung von Zeit entscheidend pr\u00e4gen und neue \u00e4sthetische Erfahrungen erm\u00f6glichen kann. <em>(cf)<\/em><\/span><\/p>\n","protected":false},"excerpt":{"rendered":"<p><span style=\"font-family: arial,helvetica,sans-serif; font-size: small;\">14.12.2016 &#8212; Der Europ\u00e4ische Forschungsrat unterst\u00fctzt das Projekt \u00abSlow Motion: Transformations of Musical Time in Perception and Performance\u00bb von Clemens W\u00f6llner vom Institut f\u00fcr Systematische Musikwissenschaft der Universit\u00e4t Hamburg.<\/span><\/p>\n","protected":false},"author":1,"featured_media":0,"comment_status":"open","ping_status":"open","sticky":false,"template":"","format":"standard","meta":{"footnotes":""},"categories":[2],"tags":[],"class_list":["post-3117","post","type-post","status-publish","format-standard","hentry","category-nachrichten","entry"],"_links":{"self":[{"href":"https:\/\/codexflores.ch\/index.php\/wp-json\/wp\/v2\/posts\/3117","targetHints":{"allow":["GET"]}}],"collection":[{"href":"https:\/\/codexflores.ch\/index.php\/wp-json\/wp\/v2\/posts"}],"about":[{"href":"https:\/\/codexflores.ch\/index.php\/wp-json\/wp\/v2\/types\/post"}],"author":[{"embeddable":true,"href":"https:\/\/codexflores.ch\/index.php\/wp-json\/wp\/v2\/users\/1"}],"replies":[{"embeddable":true,"href":"https:\/\/codexflores.ch\/index.php\/wp-json\/wp\/v2\/comments?post=3117"}],"version-history":[{"count":0,"href":"https:\/\/codexflores.ch\/index.php\/wp-json\/wp\/v2\/posts\/3117\/revisions"}],"wp:attachment":[{"href":"https:\/\/codexflores.ch\/index.php\/wp-json\/wp\/v2\/media?parent=3117"}],"wp:term":[{"taxonomy":"category","embeddable":true,"href":"https:\/\/codexflores.ch\/index.php\/wp-json\/wp\/v2\/categories?post=3117"},{"taxonomy":"post_tag","embeddable":true,"href":"https:\/\/codexflores.ch\/index.php\/wp-json\/wp\/v2\/tags?post=3117"}],"curies":[{"name":"wp","href":"https:\/\/api.w.org\/{rel}","templated":true}]}}