{"id":3118,"date":"2016-12-15T06:50:31","date_gmt":"2016-12-15T06:50:31","guid":{"rendered":"https:\/\/codexflores.ch\/index.php\/2016\/12\/15\/ahresbilanz-2016-von-lucerne-festival\/"},"modified":"2016-12-15T06:50:31","modified_gmt":"2016-12-15T06:50:31","slug":"ahresbilanz-2016-von-lucerne-festival","status":"publish","type":"post","link":"https:\/\/codexflores.ch\/index.php\/2016\/12\/15\/ahresbilanz-2016-von-lucerne-festival\/","title":{"rendered":"Jahresbilanz 2016 von Lucerne Festival"},"content":{"rendered":"<p><span style=\"font-family: arial,helvetica,sans-serif; font-size: small;\">15.2.2016 &#8212; Lucerne Festival hat mit den drei Festivals zu Ostern, im Sommer und am Piano eine Gesamtauslastung 90 Prozent erreicht, bei 85&#8217;400 Eintritten in die Kaufveranstaltungen. Gratis- und Nebenveranstaltungen generierten zus\u00e4tzliche 20&#8217;400 Eintritte.<\/span><\/p>\n<p><span style=\"font-family: arial,helvetica,sans-serif; font-size: small;\"><strong>15.2.2016 &#8212; Lucerne Festival hat mit den drei Festivals zu Ostern, im Sommer und am Piano eine Gesamtauslastung 90 Prozent erreicht, bei 85&#8217;400 Eintritten in die Kaufveranstaltungen. Gratis- und Nebenveranstaltungen generierten zus\u00e4tzliche 20&#8217;400 Eintritte.<\/strong><\/span><\/p>\n<p><span style=\"font-family: arial,helvetica,sans-serif; font-size: small;\">\u00a0<\/span><\/p>\n<p><span style=\"font-family: arial,helvetica,sans-serif; font-size: small;\">Das Oster-Festival gedachte dem verstorbenen Akademie-Gr\u00fcnder Pierre Boulez mit einem Konzert von Alumni der Lucerne Festival Academy, Jordi Savall pr\u00e4sentierte im KKL Luzern und den Luzerner Kirchen als \u00abartist-in-residence\u00bb sakrale und weltliche Werke in unterschiedlichster Besetzung und Atmosph\u00e4re.<\/span><\/p>\n<p>\u00a0<\/p>\n<p><span style=\"font-family: arial,helvetica,sans-serif; font-size: small;\">Im Sommer stellte das Festival zum Thema \u00abPrimaDonna\u00bb die Rolle der Frau in der Musik in den Mittelpunkt, unter andrem mit der Pr\u00e4sentation von 15 Dirigentinnen. Rund 5&#8217;000 Interessierte kamen zum Erlebnistag am 21. August, an dem Mirga Gra\u017einyt\u0117-Tyla, Anu Tali, Maria Schneider, Elena Schwarz und Konstantia Gourzi zu erleben waren.<\/span><\/p>\n<p>\u00a0<\/p>\n<p><span style=\"font-family: arial,helvetica,sans-serif; font-size: small;\">Riccardo Chailly startete mit Gustav Mahlers Achter Sinfonie als neuer Chefdirigent des Lucerne Festival Orchestra, Wolfgang Rihm gab mit dem ersten Composer Seminar seinen Einstand als Leiter der Lucerne Festival Academy, Matthias Pintscher war erstmals als Principal Conductor der Akademie pr\u00e4sent. Als \u00abcomposer-in-residence\u00bb war Olga Neuwirth zu erleben, als \u00abartistes \u00e9toiles\u00bb des Festivals wurden s\u00e4mtliche weiblichen K\u00fcnstlerinnen in den Fokus ger\u00fcckt \u2013 von Debutantinnen wie Elim Chan oder Asya Fateyeva bis hin zu den grossen Stars wie Anne-Sophie Mutter oder Cecilia Bartoli.<\/span><\/p>\n<p>\u00a0<\/p>\n<p><span style=\"font-family: arial,helvetica,sans-serif; font-size: small;\">Lucerne Festival Young kombinierte Tanz und Musik und realisierte die Young Performance Produktion \u00abDivamania\u00bb, die im Fr\u00fchjahr 2017 auf Schweiz-Tournee gehen wird. Neue Konzertformate wie die Gratis-Reihe 40min oder Interval, ein Foyer-Konzept als Treffpunkt f\u00fcr K\u00fcnstler und Publikum, setzten Akzente f\u00fcr die Zukunft.<\/span><\/p>\n<p>\u00a0<\/p>\n<p><span style=\"font-family: arial,helvetica,sans-serif; font-size: small;\">Das Piano-Festival begr\u00fcsste Newcomer wie Kit Armstrong, Louis Schwizgebel ebenso wie renommierte Stars wie Grigory Sokolov und Igor Levit, aber auch erstmals den Organisten Cameron Carpenter. <em>(cf)\u00a0<\/em> <\/span><\/p>\n<p><span style=\"font-family: arial,helvetica,sans-serif; font-size: small;\">\u00a0<\/span><\/p>\n","protected":false},"excerpt":{"rendered":"<p><span style=\"font-family: arial,helvetica,sans-serif; font-size: small;\">15.2.2016 &#8212; Lucerne Festival hat mit den drei Festivals zu Ostern, im Sommer und am Piano eine Gesamtauslastung 90 Prozent erreicht, bei 85&#8217;400 Eintritten in die Kaufveranstaltungen. Gratis- und Nebenveranstaltungen generierten zus\u00e4tzliche 20&#8217;400 Eintritte.<\/span><\/p>\n","protected":false},"author":1,"featured_media":0,"comment_status":"open","ping_status":"open","sticky":false,"template":"","format":"standard","meta":{"footnotes":""},"categories":[2],"tags":[],"class_list":["post-3118","post","type-post","status-publish","format-standard","hentry","category-nachrichten","entry"],"_links":{"self":[{"href":"https:\/\/codexflores.ch\/index.php\/wp-json\/wp\/v2\/posts\/3118","targetHints":{"allow":["GET"]}}],"collection":[{"href":"https:\/\/codexflores.ch\/index.php\/wp-json\/wp\/v2\/posts"}],"about":[{"href":"https:\/\/codexflores.ch\/index.php\/wp-json\/wp\/v2\/types\/post"}],"author":[{"embeddable":true,"href":"https:\/\/codexflores.ch\/index.php\/wp-json\/wp\/v2\/users\/1"}],"replies":[{"embeddable":true,"href":"https:\/\/codexflores.ch\/index.php\/wp-json\/wp\/v2\/comments?post=3118"}],"version-history":[{"count":0,"href":"https:\/\/codexflores.ch\/index.php\/wp-json\/wp\/v2\/posts\/3118\/revisions"}],"wp:attachment":[{"href":"https:\/\/codexflores.ch\/index.php\/wp-json\/wp\/v2\/media?parent=3118"}],"wp:term":[{"taxonomy":"category","embeddable":true,"href":"https:\/\/codexflores.ch\/index.php\/wp-json\/wp\/v2\/categories?post=3118"},{"taxonomy":"post_tag","embeddable":true,"href":"https:\/\/codexflores.ch\/index.php\/wp-json\/wp\/v2\/tags?post=3118"}],"curies":[{"name":"wp","href":"https:\/\/api.w.org\/{rel}","templated":true}]}}