{"id":3119,"date":"2016-12-16T06:58:17","date_gmt":"2016-12-16T06:58:17","guid":{"rendered":"https:\/\/codexflores.ch\/index.php\/2016\/12\/16\/vertragsverlaengerung-des-intendanten-der-festspiele-mv\/"},"modified":"2016-12-16T06:58:17","modified_gmt":"2016-12-16T06:58:17","slug":"vertragsverlaengerung-des-intendanten-der-festspiele-mv","status":"publish","type":"post","link":"https:\/\/codexflores.ch\/index.php\/2016\/12\/16\/vertragsverlaengerung-des-intendanten-der-festspiele-mv\/","title":{"rendered":"Vertragsverl\u00e4ngerung des Intendanten der Festspiele MV"},"content":{"rendered":"<p><span style=\"font-family: arial,helvetica,sans-serif; font-size: small;\">16.12.2016 &#8212; Die Festspiele Mecklenburg-Vorpommern haben den Vertrag mit ihrem gesch\u00e4ftsf\u00fchrenden Intendanten vorzeitig bis Ende 2021 verl\u00e4ngert.<\/span><\/p>\n<p><span style=\"font-family: arial,helvetica,sans-serif; font-size: small;\"><strong>16.12.2016 &#8212; Die Festspiele Mecklenburg-Vorpommern haben den Vertrag mit ihrem gesch\u00e4ftsf\u00fchrenden Intendanten vorzeitig bis Ende 2021 verl\u00e4ngert.<\/strong><\/span><\/p>\n<p><span style=\"font-family: arial,helvetica,sans-serif; font-size: small;\">\u00a0<\/span><\/p>\n<p><span style=\"font-family: arial,helvetica,sans-serif; font-size: small;\">Fein hat seine T\u00e4tigkeit in Mecklenburg-Vorpommern 2012 als designierter Intendant aufgenommen. Anfang 2014 \u00fcbernahm er von Matthias von H\u00fclsen die Leitung des Festivals als gesch\u00e4ftsf\u00fchrender Intendant. <\/span><\/p>\n<p><span style=\"font-family: arial,helvetica,sans-serif; font-size: small;\">\u00a0<\/span><\/p>\n<p><span style=\"font-family: arial,helvetica,sans-serif; font-size: small;\">Zuvor war er unter anderem zehn Jahre als K\u00fcnstlerischer Leiter der Sommerlichen Musiktage Hitzacker, f\u00fcnf Jahre als Intendant der Nieders\u00e4chsischen Musiktage und zuletzt als Leiter Programmplanung\/Dramaturgie bei den Berliner Philharmonikern t\u00e4tig gewesen. In ganz unterschiedlichen Projekten hatte sich der promovierte Musikwissenschaftler ausserdem als Moderator und Musikvermittler einen Namen gemacht.<\/span><\/p>\n<p><span style=\"font-family: arial,helvetica,sans-serif; font-size: small;\">\u00a0<\/span><\/p>\n<p><span style=\"font-family: arial,helvetica,sans-serif; font-size: small;\">Seit dem Gr\u00fcndungskonzert im Jahr 1990 haben sich die Festspiele Mecklenburg-Vorpommern mit rund 125 Veranstaltungen und 85&#8217;000 Eintritten zu einem der gr\u00f6ssten Klassikfestivals in Deutschland entwickelt. Auch der Festspielfr\u00fchling R\u00fcgen im M\u00e4rz sowie Advents- und Neujahrskonzerte in den Wintermonaten sind wichtige S\u00e4ulen des Festspieljahrs. <em>(cf)<\/em><\/span><\/p>\n<p><span style=\"font-family: arial,helvetica,sans-serif; font-size: small;\">\u00a0<\/span><\/p>\n","protected":false},"excerpt":{"rendered":"<p><span style=\"font-family: arial,helvetica,sans-serif; font-size: small;\">16.12.2016 &#8212; Die Festspiele Mecklenburg-Vorpommern haben den Vertrag mit ihrem gesch\u00e4ftsf\u00fchrenden Intendanten vorzeitig bis Ende 2021 verl\u00e4ngert.<\/span><\/p>\n","protected":false},"author":1,"featured_media":0,"comment_status":"open","ping_status":"open","sticky":false,"template":"","format":"standard","meta":{"footnotes":""},"categories":[2],"tags":[],"class_list":["post-3119","post","type-post","status-publish","format-standard","hentry","category-nachrichten","entry"],"_links":{"self":[{"href":"https:\/\/codexflores.ch\/index.php\/wp-json\/wp\/v2\/posts\/3119","targetHints":{"allow":["GET"]}}],"collection":[{"href":"https:\/\/codexflores.ch\/index.php\/wp-json\/wp\/v2\/posts"}],"about":[{"href":"https:\/\/codexflores.ch\/index.php\/wp-json\/wp\/v2\/types\/post"}],"author":[{"embeddable":true,"href":"https:\/\/codexflores.ch\/index.php\/wp-json\/wp\/v2\/users\/1"}],"replies":[{"embeddable":true,"href":"https:\/\/codexflores.ch\/index.php\/wp-json\/wp\/v2\/comments?post=3119"}],"version-history":[{"count":0,"href":"https:\/\/codexflores.ch\/index.php\/wp-json\/wp\/v2\/posts\/3119\/revisions"}],"wp:attachment":[{"href":"https:\/\/codexflores.ch\/index.php\/wp-json\/wp\/v2\/media?parent=3119"}],"wp:term":[{"taxonomy":"category","embeddable":true,"href":"https:\/\/codexflores.ch\/index.php\/wp-json\/wp\/v2\/categories?post=3119"},{"taxonomy":"post_tag","embeddable":true,"href":"https:\/\/codexflores.ch\/index.php\/wp-json\/wp\/v2\/tags?post=3119"}],"curies":[{"name":"wp","href":"https:\/\/api.w.org\/{rel}","templated":true}]}}