{"id":3125,"date":"2016-12-21T06:41:58","date_gmt":"2016-12-21T06:41:58","guid":{"rendered":"https:\/\/codexflores.ch\/index.php\/2016\/12\/21\/klangkunst-mit-molekularer-pflanzenphysiologie\/"},"modified":"2016-12-21T06:41:58","modified_gmt":"2016-12-21T06:41:58","slug":"klangkunst-mit-molekularer-pflanzenphysiologie","status":"publish","type":"post","link":"https:\/\/codexflores.ch\/index.php\/2016\/12\/21\/klangkunst-mit-molekularer-pflanzenphysiologie\/","title":{"rendered":"Klangkunst mit molekularer Pflanzenphysiologie"},"content":{"rendered":"<p><span style=\"font-family: arial,helvetica,sans-serif; font-size: small;\">21.12.2016 &#8212; Kunstschffende k\u00f6nnen ab M\u00e4rz 2017 f\u00fcr jeweils zwei Wochen Seite an Seite mit Teams der Max-Planck-Institute f\u00fcr Molekulare Pflanzenphysiologie und Kolloid- und Grenzfl\u00e4chenforschung in Potsdam-Golm und der Universit\u00e4t Groningen zusammenarbeiten.<\/span><\/p>\n<p><span style=\"font-family: arial,helvetica,sans-serif; font-size: small;\"><strong>21.12.2016 &#8212; Kunstschffende k\u00f6nnen ab M\u00e4rz 2017 f\u00fcr jeweils zwei Wochen Seite an Seite mit Teams der Max-Planck-Institute f\u00fcr Molekulare Pflanzenphysiologie und Kolloid- und Grenzfl\u00e4chenforschung in Potsdam-Golm und der Universit\u00e4t Groningen zusammenarbeiten.<\/strong><\/span><\/p>\n<p><span style=\"font-family: arial,helvetica,sans-serif; font-size: small;\">\u00a0<\/span><\/p>\n<p><span style=\"font-family: arial,helvetica,sans-serif; font-size: small;\">Die Zusammenarbeit ist Teil des Programms KLAS (Knowlegde Link through Art and Science)<em>,<\/em> des ersten Artist-in-Residence-Programms in einem naturwissenschaftlichen Max-Planck-Institut, welches von der Max-Planck-Gesellschaft und der Schering Stiftung erm\u00f6glicht und von dem Unesco International Relations\u00b4 Chair, der Sendung \u00abKlangkunst\u00bb vom DeutschlandRadio Kultur und Ars Electronica gef\u00f6rdert wird. Das Thema, die Synthetische Biologie, spiegelt sich im Namen wieder: \u00abAesthetic get Synthetic\u00bb: \u00a0<\/span><\/p>\n<p><span style=\"font-family: arial,helvetica,sans-serif; font-size: small;\">\u00a0<\/span><\/p>\n<p><span style=\"font-family: arial,helvetica,sans-serif; font-size: small;\">Die Ausschreibungsunterlagen f\u00fcr das Artist-in-Residence-Programm stehen ab sofort unter <a href=\"http:\/\/klas.polyhedra.eu\/open-call\/\" target=\"_blank\" rel=\"noopener noreferrer\">http:\/\/klas.polyhedra.eu\/open-call\/<\/a> zur Verf\u00fcgung. Die Bewerbungsfrist endet am 30. Januar 2017. <em>(cf)<\/em> \u00a0<\/span><\/p>\n","protected":false},"excerpt":{"rendered":"<p><span style=\"font-family: arial,helvetica,sans-serif; font-size: small;\">21.12.2016 &#8212; Kunstschffende k\u00f6nnen ab M\u00e4rz 2017 f\u00fcr jeweils zwei Wochen Seite an Seite mit Teams der Max-Planck-Institute f\u00fcr Molekulare Pflanzenphysiologie und Kolloid- und Grenzfl\u00e4chenforschung in Potsdam-Golm und der Universit\u00e4t Groningen zusammenarbeiten.<\/span><\/p>\n","protected":false},"author":1,"featured_media":0,"comment_status":"open","ping_status":"open","sticky":false,"template":"","format":"standard","meta":{"footnotes":""},"categories":[2],"tags":[],"class_list":["post-3125","post","type-post","status-publish","format-standard","hentry","category-nachrichten","entry"],"_links":{"self":[{"href":"https:\/\/codexflores.ch\/index.php\/wp-json\/wp\/v2\/posts\/3125","targetHints":{"allow":["GET"]}}],"collection":[{"href":"https:\/\/codexflores.ch\/index.php\/wp-json\/wp\/v2\/posts"}],"about":[{"href":"https:\/\/codexflores.ch\/index.php\/wp-json\/wp\/v2\/types\/post"}],"author":[{"embeddable":true,"href":"https:\/\/codexflores.ch\/index.php\/wp-json\/wp\/v2\/users\/1"}],"replies":[{"embeddable":true,"href":"https:\/\/codexflores.ch\/index.php\/wp-json\/wp\/v2\/comments?post=3125"}],"version-history":[{"count":0,"href":"https:\/\/codexflores.ch\/index.php\/wp-json\/wp\/v2\/posts\/3125\/revisions"}],"wp:attachment":[{"href":"https:\/\/codexflores.ch\/index.php\/wp-json\/wp\/v2\/media?parent=3125"}],"wp:term":[{"taxonomy":"category","embeddable":true,"href":"https:\/\/codexflores.ch\/index.php\/wp-json\/wp\/v2\/categories?post=3125"},{"taxonomy":"post_tag","embeddable":true,"href":"https:\/\/codexflores.ch\/index.php\/wp-json\/wp\/v2\/tags?post=3125"}],"curies":[{"name":"wp","href":"https:\/\/api.w.org\/{rel}","templated":true}]}}