{"id":3126,"date":"2016-12-22T07:03:49","date_gmt":"2016-12-22T07:03:49","guid":{"rendered":"https:\/\/codexflores.ch\/index.php\/2016\/12\/22\/wien-will-sich-von-dominique-meyer-trennen\/"},"modified":"2016-12-22T07:03:49","modified_gmt":"2016-12-22T07:03:49","slug":"wien-will-sich-von-dominique-meyer-trennen","status":"publish","type":"post","link":"https:\/\/codexflores.ch\/index.php\/2016\/12\/22\/wien-will-sich-von-dominique-meyer-trennen\/","title":{"rendered":"Wien will sich von Dominique Meyer trennen"},"content":{"rendered":"<p><span style=\"font-family: arial,helvetica,sans-serif; font-size: small;\">22.12.2016 &#8212; Die Wiener Staatsoper wird den Vertrag mit ihrem Direktor Dominique Meyer \u00fcber 2020 hinaus nicht verl\u00e4ngern. Ersetzt werden soll er durch den Label-Manager und Journalisten Bogdan Ro\u0161\u010di\u0107.<\/span><\/p>\n<p><span style=\"font-family: arial,helvetica,sans-serif; font-size: small;\"><strong> 22.12.2016 &#8212; Die Wiener Staatsoper wird den Vertrag mit ihrem Direktor Dominique Meyer \u00fcber 2020 hinaus nicht verl\u00e4ngern. Ersetzt werden soll er durch den Label-Manager und Journalisten Bogdan Ro\u0161\u010di\u0107.<\/strong><\/span><\/p>\n<p>\u00a0<\/p>\n<p><span style=\"font-family: arial,helvetica,sans-serif; font-size: small;\">Die Geschichte erinnert ein wenig an die Wahl Chris Dercons als Nachfolger von Frank Castorf bei der Berliner Volksb\u00fchne: K\u00fcnstlerische Tradition scheint durch popul\u00e4r orientiertes Unternehmertum abgel\u00f6st zu werden. Der \u00f6sterreichische Kulturminister Thomas Drozda erkl\u00e4rte an einer Pressekonferenz, er erwarte von Ro\u0161\u010di\u0107, dass er die wichtigste \u00f6sterreichische Kulturinstitution ab 2020 neu positioniere\u00a0\u2013 mit mehr Premieren und einem Publikum, das alle sozialen Schichten erreiche.<\/span><\/p>\n<p><span style=\"font-family: arial,helvetica,sans-serif; font-size: small;\">\u00a0<\/span><\/p>\n<p><span style=\"font-family: arial,helvetica,sans-serif; font-size: small;\">Der 1964 in Belgrad geborene Bogdan Ro\u0161\u010di\u0107 war nach seinem Studium der Philosophie und Musikwissenschaft bei \u00f6sterreichischen Tageszeitungen t\u00e4tig. Im Jahr 1993 begann er bei \u00d63, 2002 wurde er Managing Director von Universal Music Austria. Weitere Laufbahnstationen: 2003 K\u00fcnstlerischer Leiter des Universal-Labels Deutsche Grammophon, 2006 Managing Director des Universal-Unternehmens Decca Music Group, 2009 Pr\u00e4sident von Sony Masterworks. <em>(cf)<\/em><\/span><\/p>\n","protected":false},"excerpt":{"rendered":"<p><span style=\"font-family: arial,helvetica,sans-serif; font-size: small;\">22.12.2016 &#8212; Die Wiener Staatsoper wird den Vertrag mit ihrem Direktor Dominique Meyer \u00fcber 2020 hinaus nicht verl\u00e4ngern. Ersetzt werden soll er durch den Label-Manager und Journalisten Bogdan Ro\u0161\u010di\u0107.<\/span><\/p>\n","protected":false},"author":1,"featured_media":0,"comment_status":"open","ping_status":"open","sticky":false,"template":"","format":"standard","meta":{"footnotes":""},"categories":[2],"tags":[],"class_list":["post-3126","post","type-post","status-publish","format-standard","hentry","category-nachrichten","entry"],"_links":{"self":[{"href":"https:\/\/codexflores.ch\/index.php\/wp-json\/wp\/v2\/posts\/3126","targetHints":{"allow":["GET"]}}],"collection":[{"href":"https:\/\/codexflores.ch\/index.php\/wp-json\/wp\/v2\/posts"}],"about":[{"href":"https:\/\/codexflores.ch\/index.php\/wp-json\/wp\/v2\/types\/post"}],"author":[{"embeddable":true,"href":"https:\/\/codexflores.ch\/index.php\/wp-json\/wp\/v2\/users\/1"}],"replies":[{"embeddable":true,"href":"https:\/\/codexflores.ch\/index.php\/wp-json\/wp\/v2\/comments?post=3126"}],"version-history":[{"count":0,"href":"https:\/\/codexflores.ch\/index.php\/wp-json\/wp\/v2\/posts\/3126\/revisions"}],"wp:attachment":[{"href":"https:\/\/codexflores.ch\/index.php\/wp-json\/wp\/v2\/media?parent=3126"}],"wp:term":[{"taxonomy":"category","embeddable":true,"href":"https:\/\/codexflores.ch\/index.php\/wp-json\/wp\/v2\/categories?post=3126"},{"taxonomy":"post_tag","embeddable":true,"href":"https:\/\/codexflores.ch\/index.php\/wp-json\/wp\/v2\/tags?post=3126"}],"curies":[{"name":"wp","href":"https:\/\/api.w.org\/{rel}","templated":true}]}}