{"id":3129,"date":"2016-12-28T07:36:03","date_gmt":"2016-12-28T07:36:03","guid":{"rendered":"https:\/\/codexflores.ch\/index.php\/2016\/12\/28\/bamert-springt-in-winterthur-fuer-jaervi-ein\/"},"modified":"2016-12-28T07:36:03","modified_gmt":"2016-12-28T07:36:03","slug":"bamert-springt-in-winterthur-fuer-jaervi-ein","status":"publish","type":"post","link":"https:\/\/codexflores.ch\/index.php\/2016\/12\/28\/bamert-springt-in-winterthur-fuer-jaervi-ein\/","title":{"rendered":"Bamert springt in Winterthur f\u00fcr J\u00e4rvi ein"},"content":{"rendered":"<p><span style=\"font-family: arial,helvetica,sans-serif; font-size: small;\">28.12.2016 &#8212; Auf Anraten seiner \u00c4rzte m\u00fcsse Neeme J\u00e4rvi seine Reiset\u00e4tigkeit einschr\u00e4nken, schreibt das Musikkollegium Winterthur. Er werde deshalb die geplanten Konzerte vom 1. und 2. Februar 2017 im Stadthaus Winterthur nicht dirigieren k\u00f6nnen. Die Aufgabe \u00fcbernimmt Matthias Bamert.<\/span><\/p>\n<p><span style=\"font-family: arial,helvetica,sans-serif; font-size: small;\"><strong>28.12.2016 &#8212; Auf Anraten seiner \u00c4rzte m\u00fcsse Neeme J\u00e4rvi seine Reiset\u00e4tigkeit einschr\u00e4nken, schreibt das Musikkollegium Winterthur. Er werde deshalb die geplanten Konzerte vom 1. und 2. Februar 2017 im Stadthaus Winterthur nicht dirigieren k\u00f6nnen. Die Aufgabe \u00fcbernimmt Matthias Bamert.<\/strong><\/span><\/p>\n<p><span style=\"font-family: arial,helvetica,sans-serif; font-size: small;\">\u00a0<\/span><\/p>\n<p><span style=\"font-family: arial,helvetica,sans-serif; font-size: small;\">Der Schweizer Dirigent und Komponist Matthias Bamert war urspr\u00fcnglich Oboist im Salzburger Mozart Orchester. Sp\u00e4ter trat er die Stelle als Resident Conductor beim Cleveland Orchestra unter Lorin Maazel an. Danach war er als Musikdirektor des Radio-Sinfonieorchesters Basel und als Direktor des Lucerne Festivals t\u00e4tig. <\/span><\/p>\n<p>\u00a0<\/p>\n<p><span style=\"font-family: arial,helvetica,sans-serif; font-size: small;\">Bamert pflegt eine rege internationale Konzertt\u00e4tigkeit und dirigiert namhafte Orchester, darunter das Royal Philharmonic Orchestra, die Pittsburgh Symphony, die London Philharmonic sowie das BBC Symphony Orchestra. Von 1992 bis 1999 war er zudem Chefidirgent der London Mozart Players mit welchen er auch zahlreiche CD-Einspielungen realisiert hat.<em> (cf)\u00a0<\/em><\/span> <\/p>\n<p>\u00a0<\/p>\n","protected":false},"excerpt":{"rendered":"<p><span style=\"font-family: arial,helvetica,sans-serif; font-size: small;\">28.12.2016 &#8212; Auf Anraten seiner \u00c4rzte m\u00fcsse Neeme J\u00e4rvi seine Reiset\u00e4tigkeit einschr\u00e4nken, schreibt das Musikkollegium Winterthur. Er werde deshalb die geplanten Konzerte vom 1. und 2. Februar 2017 im Stadthaus Winterthur nicht dirigieren k\u00f6nnen. Die Aufgabe \u00fcbernimmt Matthias Bamert.<\/span><\/p>\n","protected":false},"author":1,"featured_media":0,"comment_status":"open","ping_status":"open","sticky":false,"template":"","format":"standard","meta":{"footnotes":""},"categories":[2],"tags":[],"class_list":["post-3129","post","type-post","status-publish","format-standard","hentry","category-nachrichten","entry"],"_links":{"self":[{"href":"https:\/\/codexflores.ch\/index.php\/wp-json\/wp\/v2\/posts\/3129","targetHints":{"allow":["GET"]}}],"collection":[{"href":"https:\/\/codexflores.ch\/index.php\/wp-json\/wp\/v2\/posts"}],"about":[{"href":"https:\/\/codexflores.ch\/index.php\/wp-json\/wp\/v2\/types\/post"}],"author":[{"embeddable":true,"href":"https:\/\/codexflores.ch\/index.php\/wp-json\/wp\/v2\/users\/1"}],"replies":[{"embeddable":true,"href":"https:\/\/codexflores.ch\/index.php\/wp-json\/wp\/v2\/comments?post=3129"}],"version-history":[{"count":0,"href":"https:\/\/codexflores.ch\/index.php\/wp-json\/wp\/v2\/posts\/3129\/revisions"}],"wp:attachment":[{"href":"https:\/\/codexflores.ch\/index.php\/wp-json\/wp\/v2\/media?parent=3129"}],"wp:term":[{"taxonomy":"category","embeddable":true,"href":"https:\/\/codexflores.ch\/index.php\/wp-json\/wp\/v2\/categories?post=3129"},{"taxonomy":"post_tag","embeddable":true,"href":"https:\/\/codexflores.ch\/index.php\/wp-json\/wp\/v2\/tags?post=3129"}],"curies":[{"name":"wp","href":"https:\/\/api.w.org\/{rel}","templated":true}]}}