{"id":3131,"date":"2016-12-30T06:55:13","date_gmt":"2016-12-30T06:55:13","guid":{"rendered":"https:\/\/codexflores.ch\/index.php\/2016\/12\/30\/bilanz-grafenegg-festival-2016\/"},"modified":"2016-12-30T06:55:13","modified_gmt":"2016-12-30T06:55:13","slug":"bilanz-grafenegg-festival-2016","status":"publish","type":"post","link":"https:\/\/codexflores.ch\/index.php\/2016\/12\/30\/bilanz-grafenegg-festival-2016\/","title":{"rendered":"Bilanz Grafenegg Festival 2016"},"content":{"rendered":"<p><span style=\"font-family: arial,helvetica,sans-serif; font-size: small;\">30.12.2016 &#8212; 2016 ist das bisher erfolgreichste Jahr in der Geschichte des nieder\u00f6sterreichischen Grafenegg Festivals. Rund 150&#8217;000 Eintritte generierten die Veranstaltungen, die von einem \u00abSchlosskl\u00e4nge\u00bb-Zyklus \u00fcber die Sommersaison bis zum Grafenegger Advent reichten.<\/span><\/p>\n<p><span style=\"font-family: arial,helvetica,sans-serif; font-size: small;\"><strong>30.12.2016 &#8212; 2016 ist das bisher erfolgreichste Jahr in der Geschichte des nieder\u00f6sterreichischen Grafenegg Festivals. Rund 150&#8217;000 Eintritte generierten die Veranstaltungen, die von einem \u00abSchlosskl\u00e4nge\u00bb-Zyklus \u00fcber die Sommersaison bis zum Grafenegger Advent reichten.<\/strong><\/span><\/p>\n<p>\u00a0<\/p>\n<p><span style=\"font-family: arial,helvetica,sans-serif; font-size: small;\">Pl\u00e4ne f\u00fcr die Zukunft umfassen unter anderem einen Antrag auf F\u00f6rderung im Rahmen des EU-Programmes\u00a0\u00abCreative Europe\u00bb als sogenannter Lead Partner. Das entsprechende europ\u00e4ische Projekt e9 mit einem vorgesehenen Budget von 2,9 Millionen Euro umfasst im Ganzen neu Partner und tr\u00e4gt den Untertitel \u00a0\u00abEngaging 21st Century Audiences with Mission-led Musicianship\u00bb. <\/span><\/p>\n<p>\u00a0<\/p>\n<p><span style=\"font-family: arial,helvetica,sans-serif; font-size: small;\">Zudem wird darauf hin gearbeitet, dass das European Union Youth Orchestra seinen Sitz von London nach Grafenegg verlegt. Im Grafenegg Campus sind bereits die European Chamber Music Academy und der Composer-Conductor-Workshop \u00abInk Still Wet\u00bb angesiedelt. Grafenegg wird vom Pianisten Rudolf Buchbinder k\u00fcnstlerisch geleitet. Der entsprechende Vertrag ist k\u00fcrzlich bis 2021 verl\u00e4ngert worden. <em>(cf) \u00a0<\/em><\/span> <\/p>\n<p>\u00a0<\/p>\n","protected":false},"excerpt":{"rendered":"<p><span style=\"font-family: arial,helvetica,sans-serif; font-size: small;\">30.12.2016 &#8212; 2016 ist das bisher erfolgreichste Jahr in der Geschichte des nieder\u00f6sterreichischen Grafenegg Festivals. Rund 150&#8217;000 Eintritte generierten die Veranstaltungen, die von einem \u00abSchlosskl\u00e4nge\u00bb-Zyklus \u00fcber die Sommersaison bis zum Grafenegger Advent reichten.<\/span><\/p>\n","protected":false},"author":1,"featured_media":0,"comment_status":"open","ping_status":"open","sticky":false,"template":"","format":"standard","meta":{"footnotes":""},"categories":[2],"tags":[],"class_list":["post-3131","post","type-post","status-publish","format-standard","hentry","category-nachrichten","entry"],"_links":{"self":[{"href":"https:\/\/codexflores.ch\/index.php\/wp-json\/wp\/v2\/posts\/3131","targetHints":{"allow":["GET"]}}],"collection":[{"href":"https:\/\/codexflores.ch\/index.php\/wp-json\/wp\/v2\/posts"}],"about":[{"href":"https:\/\/codexflores.ch\/index.php\/wp-json\/wp\/v2\/types\/post"}],"author":[{"embeddable":true,"href":"https:\/\/codexflores.ch\/index.php\/wp-json\/wp\/v2\/users\/1"}],"replies":[{"embeddable":true,"href":"https:\/\/codexflores.ch\/index.php\/wp-json\/wp\/v2\/comments?post=3131"}],"version-history":[{"count":0,"href":"https:\/\/codexflores.ch\/index.php\/wp-json\/wp\/v2\/posts\/3131\/revisions"}],"wp:attachment":[{"href":"https:\/\/codexflores.ch\/index.php\/wp-json\/wp\/v2\/media?parent=3131"}],"wp:term":[{"taxonomy":"category","embeddable":true,"href":"https:\/\/codexflores.ch\/index.php\/wp-json\/wp\/v2\/categories?post=3131"},{"taxonomy":"post_tag","embeddable":true,"href":"https:\/\/codexflores.ch\/index.php\/wp-json\/wp\/v2\/tags?post=3131"}],"curies":[{"name":"wp","href":"https:\/\/api.w.org\/{rel}","templated":true}]}}