{"id":3137,"date":"2017-02-10T07:27:54","date_gmt":"2017-02-10T07:27:54","guid":{"rendered":"https:\/\/codexflores.ch\/index.php\/2017\/02\/10\/jordi-savall-initiiert-fluechtlingsorchester\/"},"modified":"2017-02-10T07:27:54","modified_gmt":"2017-02-10T07:27:54","slug":"jordi-savall-initiiert-fluechtlingsorchester","status":"publish","type":"post","link":"https:\/\/codexflores.ch\/index.php\/2017\/02\/10\/jordi-savall-initiiert-fluechtlingsorchester\/","title":{"rendered":"Jordi Savall initiiert Fl\u00fcchtlingsorchester"},"content":{"rendered":"<p><span style=\"font-family: arial,helvetica,sans-serif; font-size: small;\">10.02.2017 &#8212; Der Gambist Jordi Savall ruft unter dem Namen \u00abOrpheus XXI\u00bb im Kulturzentrum Saline royale im franz\u00f6sischen Arc-et-Senans ein Ensemble ins Leben, das einheimische und gefl\u00fcchtete Musiker vereint.<\/span><\/p>\n<p>\u00a0<\/p>\n<p><span style=\"font-family: arial,helvetica,sans-serif; font-size: small;\"><strong>10.02.2017 &#8212;\u00a0<span style=\"font-family: arial,helvetica,sans-serif; font-size: small;\">Der Gambist Jordi Savall ruft unter dem Namen \u00abOrpheus XXI\u00bb im Kulturzentrum Saline royale im franz\u00f6sischen Arc-et-Senans ein Ensemble ins Leben, das einheimische und gefl\u00fcchtete Musiker vereint.<\/span><\/strong><\/span><\/p>\n<p>\u00a0<\/p>\n<p><span style=\"font-family: arial,helvetica,sans-serif; font-size: small;\">Savall, der sich intensiv mit der Musik des europ\u00e4ischen und arabischen Raums zwischen 900 und 1850 auseinandersetzt, hatte im April letzten Jahres das mittlerweile ger\u00e4umte Fl\u00fcchtlingscamp in Calais besucht. Er ist seit 2008 EU-und Unesco-Botschafter f\u00fcr interkulturellen Dialog. Das Projekt soll bis Oktober 2018 mit einer Tour durch Europa abgeschlossen werden und es jungen Musikern unter den Fl\u00fcchtlingen erm\u00f6glichen, in Europa beruflich Fuss zu fassen. <\/span><\/p>\n<p>\u00a0<\/p>\n<p><span style=\"font-family: arial,helvetica,sans-serif; font-size: small;\">Die k\u00f6nigliche Saline in Arc-et-Senans im franz\u00f6sischen D\u00e9partement Doubs war urspr\u00fcnglich eine Manufaktur zur Salzgewinnung. Sie dient als Unesco-Weltkulturerbe heute als Kulturzentrum. Das Projekt wird unter anderem vom Creative-Europe-Programm alimentiert. <\/span><span><span style=\"font-family: arial,helvetica,sans-serif; font-size: small;\">Weitere Partner sind die Organisationen ICORN (International Cities of Refuge Network) aus Norwegen, die franz\u00f6sische Coop\u2019agir und die spanische Cima-Stiftung.<em> (cf)<\/em><\/span><br \/><\/span><\/p>\n<p>\u00a0<\/p>\n","protected":false},"excerpt":{"rendered":"<p><span style=\"font-family: arial,helvetica,sans-serif; font-size: small;\">10.02.2017 &#8212; Der Gambist Jordi Savall ruft unter dem Namen \u00abOrpheus XXI\u00bb im Kulturzentrum Saline royale im franz\u00f6sischen Arc-et-Senans ein Ensemble ins Leben, das einheimische und gefl\u00fcchtete Musiker vereint.<\/span><\/p>\n","protected":false},"author":1,"featured_media":0,"comment_status":"open","ping_status":"open","sticky":false,"template":"","format":"standard","meta":{"footnotes":""},"categories":[2],"tags":[],"class_list":["post-3137","post","type-post","status-publish","format-standard","hentry","category-nachrichten","entry"],"_links":{"self":[{"href":"https:\/\/codexflores.ch\/index.php\/wp-json\/wp\/v2\/posts\/3137","targetHints":{"allow":["GET"]}}],"collection":[{"href":"https:\/\/codexflores.ch\/index.php\/wp-json\/wp\/v2\/posts"}],"about":[{"href":"https:\/\/codexflores.ch\/index.php\/wp-json\/wp\/v2\/types\/post"}],"author":[{"embeddable":true,"href":"https:\/\/codexflores.ch\/index.php\/wp-json\/wp\/v2\/users\/1"}],"replies":[{"embeddable":true,"href":"https:\/\/codexflores.ch\/index.php\/wp-json\/wp\/v2\/comments?post=3137"}],"version-history":[{"count":0,"href":"https:\/\/codexflores.ch\/index.php\/wp-json\/wp\/v2\/posts\/3137\/revisions"}],"wp:attachment":[{"href":"https:\/\/codexflores.ch\/index.php\/wp-json\/wp\/v2\/media?parent=3137"}],"wp:term":[{"taxonomy":"category","embeddable":true,"href":"https:\/\/codexflores.ch\/index.php\/wp-json\/wp\/v2\/categories?post=3137"},{"taxonomy":"post_tag","embeddable":true,"href":"https:\/\/codexflores.ch\/index.php\/wp-json\/wp\/v2\/tags?post=3137"}],"curies":[{"name":"wp","href":"https:\/\/api.w.org\/{rel}","templated":true}]}}