{"id":3138,"date":"2017-02-10T07:42:04","date_gmt":"2017-02-10T07:42:04","guid":{"rendered":"https:\/\/codexflores.ch\/index.php\/2017\/02\/10\/tod-ds-schwedischen-tenors-nicolai-gedda\/"},"modified":"2017-02-10T07:42:04","modified_gmt":"2017-02-10T07:42:04","slug":"tod-ds-schwedischen-tenors-nicolai-gedda","status":"publish","type":"post","link":"https:\/\/codexflores.ch\/index.php\/2017\/02\/10\/tod-ds-schwedischen-tenors-nicolai-gedda\/","title":{"rendered":"Tod des schwedischen Tenors Nicolai Gedda"},"content":{"rendered":"<p><span style=\"font-family: arial,helvetica,sans-serif; font-size: small;\">10.02.2017 &#8212; Der legend\u00e4re schwedische Tenor Nicolai Gedda ist laut Angaben seiner Familie im Alter von 91 Jahren im waadtl\u00e4ndischen Tolochenaz nach einem Herzstillstand verstorben.<\/span><\/p>\n<p><span style=\"font-family: arial,helvetica,sans-serif; font-size: small;\"><strong>10.02.2017 &#8212; Der legend\u00e4re schwedische Tenor Nicolai Gedda ist laut Angaben seiner Familie im Alter von 91 Jahren im waadtl\u00e4ndischen Tolochenaz nach einem Herzstillstand verstorben.<\/strong><\/span><\/p>\n<p><span style=\"font-family: arial,helvetica,sans-serif; font-size: small;\">\u00a0<\/span><\/p>\n<p><span style=\"font-family: arial,helvetica,sans-serif; font-size: small;\">Gedda galt als einer der grossen Ten\u00f6re des 20. Jahrhunderts. Der 1925 in Stockholm geborene S\u00e4nger \u00fcbersiedelte 1929 mit seinen Eltern nach Leipzig, wo sein Vater Michail als Kantor und Chordirigent amtete. In den 1950er-Jahren wurde seine Karriere namentlich vom Produzenten Walter Legge und dem Dirigenten Herbert von Karajan gef\u00f6rdert.<\/span><\/p>\n<p><span style=\"font-family: arial,helvetica,sans-serif; font-size: small;\">\u00a0<\/span><\/p>\n<p><span style=\"font-family: arial,helvetica,sans-serif; font-size: small;\">1968 nahm Gedda die Schweizer Staatsb\u00fcrgerschaft an und liess sich in Tolochenaz am Genfersee nieder. Der lyrische Tenor verf\u00fcgte nicht zuletzt dank einer grossen Sprachgewandtheit \u00fcber ein ausgeprochen breites Repertoire, das unter anderem schwedische, russische, deutsche, italienische, franz\u00f6sische und englische Partien umfasste. <em>(cf)<\/em><\/span><\/p>\n","protected":false},"excerpt":{"rendered":"<p><span style=\"font-family: arial,helvetica,sans-serif; font-size: small;\">10.02.2017 &#8212; Der legend\u00e4re schwedische Tenor Nicolai Gedda ist laut Angaben seiner Familie im Alter von 91 Jahren im waadtl\u00e4ndischen Tolochenaz nach einem Herzstillstand verstorben.<\/span><\/p>\n","protected":false},"author":1,"featured_media":0,"comment_status":"open","ping_status":"open","sticky":false,"template":"","format":"standard","meta":{"footnotes":""},"categories":[2],"tags":[],"class_list":["post-3138","post","type-post","status-publish","format-standard","hentry","category-nachrichten","entry"],"_links":{"self":[{"href":"https:\/\/codexflores.ch\/index.php\/wp-json\/wp\/v2\/posts\/3138","targetHints":{"allow":["GET"]}}],"collection":[{"href":"https:\/\/codexflores.ch\/index.php\/wp-json\/wp\/v2\/posts"}],"about":[{"href":"https:\/\/codexflores.ch\/index.php\/wp-json\/wp\/v2\/types\/post"}],"author":[{"embeddable":true,"href":"https:\/\/codexflores.ch\/index.php\/wp-json\/wp\/v2\/users\/1"}],"replies":[{"embeddable":true,"href":"https:\/\/codexflores.ch\/index.php\/wp-json\/wp\/v2\/comments?post=3138"}],"version-history":[{"count":0,"href":"https:\/\/codexflores.ch\/index.php\/wp-json\/wp\/v2\/posts\/3138\/revisions"}],"wp:attachment":[{"href":"https:\/\/codexflores.ch\/index.php\/wp-json\/wp\/v2\/media?parent=3138"}],"wp:term":[{"taxonomy":"category","embeddable":true,"href":"https:\/\/codexflores.ch\/index.php\/wp-json\/wp\/v2\/categories?post=3138"},{"taxonomy":"post_tag","embeddable":true,"href":"https:\/\/codexflores.ch\/index.php\/wp-json\/wp\/v2\/tags?post=3138"}],"curies":[{"name":"wp","href":"https:\/\/api.w.org\/{rel}","templated":true}]}}