{"id":3146,"date":"2017-02-22T06:56:46","date_gmt":"2017-02-22T06:56:46","guid":{"rendered":"https:\/\/codexflores.ch\/index.php\/2017\/02\/22\/siemens-foerderpreis-fuer-michael-pelzel\/"},"modified":"2017-02-22T06:56:46","modified_gmt":"2017-02-22T06:56:46","slug":"siemens-foerderpreis-fuer-michael-pelzel","status":"publish","type":"post","link":"https:\/\/codexflores.ch\/index.php\/2017\/02\/22\/siemens-foerderpreis-fuer-michael-pelzel\/","title":{"rendered":"Siemens-F\u00f6rderpreis f\u00fcr Michael Pelzel"},"content":{"rendered":"<p><span style=\"font-family: arial,helvetica,sans-serif; font-size: small;\">22.02.2017 &#8212; Die Ernst von Siemens Musikstiftung f\u00f6rdert den Schweizer Michael Pelzel, den D\u00e4nen Simon Steen-Andersen und die Schwedin Lisa mit Kompositions-F\u00f6rderpreisen zu je 35&#8217;000 Euro. Teil der Auszeichnung ist auch die Produktion einer Portr\u00e4t-CD.<\/span><\/p>\n<p><span style=\"font-family: arial,helvetica,sans-serif; font-size: small;\"><strong>22.02.2017 &#8212; Die Ernst von Siemens Musikstiftung f\u00f6rdert den Schweizer Michael Pelzel, den D\u00e4nen Simon Steen-Andersen und die Schwedin Lisa mit Kompositions-F\u00f6rderpreisen zu je 35&#8217;000 Euro. Teil der Auszeichnung ist auch die Produktion einer Portr\u00e4t-CD.<\/strong><\/span><\/p>\n<p><span style=\"font-family: arial,helvetica,sans-serif; font-size: small;\">\u00a0<\/span><\/p>\n<p><span style=\"font-family: arial,helvetica,sans-serif; font-size: small;\">Der 1978 in Rapperswil geborene Michael Pelzel hat an den Musikhochschulen von Luzern, Basel, Stuttgart, Berlin und Karlsruhe studiert, unter anderem bei Dieter Ammann, Detlev M\u00fcller-Siemens, Georg-Friedrich Haas, Hanspeter Kyburz und Wolfgang Rihm. Der vielfach ausgezeichnete Michael Pelzel ist als freischaffender Komponist und Organist t\u00e4tig. Er unterrichtet zudem sporadisch an Musikhochschulen im Bereich Musiktheorie.<\/span><\/p>\n<p>\u00a0<\/p>\n<p><span style=\"font-family: arial,helvetica,sans-serif; font-size: small;\">Lisa Streich ist Sch\u00fclerin von Adriana H\u00f6lszky, Johannes Sch\u00f6llhorn, Mauro Lanza und William Brunson.\u00a0Simon Steen-Andersen\u00a0unterrichtet Komposition an der Staatlichen Hochschule f\u00fcr Musik im d\u00e4nischen Aarhus, dar\u00fcber hinaus war er Gastprofessor an der Norwegischen Musikhochschule in Oslo und Dozent bei den Ferienkursen f\u00fcr Neue Musik Darmstadt. <em>(cf)<\/em> <\/span><\/p>\n<p><span style=\"font-family: arial,helvetica,sans-serif; font-size: small;\">\u00a0<\/span><\/p>\n","protected":false},"excerpt":{"rendered":"<p><span style=\"font-family: arial,helvetica,sans-serif; font-size: small;\">22.02.2017 &#8212; Die Ernst von Siemens Musikstiftung f\u00f6rdert den Schweizer Michael Pelzel, den D\u00e4nen Simon Steen-Andersen und die Schwedin Lisa mit Kompositions-F\u00f6rderpreisen zu je 35&#8217;000 Euro. Teil der Auszeichnung ist auch die Produktion einer Portr\u00e4t-CD.<\/span><\/p>\n","protected":false},"author":1,"featured_media":0,"comment_status":"open","ping_status":"open","sticky":false,"template":"","format":"standard","meta":{"footnotes":""},"categories":[2],"tags":[],"class_list":["post-3146","post","type-post","status-publish","format-standard","hentry","category-nachrichten","entry"],"_links":{"self":[{"href":"https:\/\/codexflores.ch\/index.php\/wp-json\/wp\/v2\/posts\/3146","targetHints":{"allow":["GET"]}}],"collection":[{"href":"https:\/\/codexflores.ch\/index.php\/wp-json\/wp\/v2\/posts"}],"about":[{"href":"https:\/\/codexflores.ch\/index.php\/wp-json\/wp\/v2\/types\/post"}],"author":[{"embeddable":true,"href":"https:\/\/codexflores.ch\/index.php\/wp-json\/wp\/v2\/users\/1"}],"replies":[{"embeddable":true,"href":"https:\/\/codexflores.ch\/index.php\/wp-json\/wp\/v2\/comments?post=3146"}],"version-history":[{"count":0,"href":"https:\/\/codexflores.ch\/index.php\/wp-json\/wp\/v2\/posts\/3146\/revisions"}],"wp:attachment":[{"href":"https:\/\/codexflores.ch\/index.php\/wp-json\/wp\/v2\/media?parent=3146"}],"wp:term":[{"taxonomy":"category","embeddable":true,"href":"https:\/\/codexflores.ch\/index.php\/wp-json\/wp\/v2\/categories?post=3146"},{"taxonomy":"post_tag","embeddable":true,"href":"https:\/\/codexflores.ch\/index.php\/wp-json\/wp\/v2\/tags?post=3146"}],"curies":[{"name":"wp","href":"https:\/\/api.w.org\/{rel}","templated":true}]}}