{"id":3151,"date":"2017-03-01T07:03:28","date_gmt":"2017-03-01T07:03:28","guid":{"rendered":"https:\/\/codexflores.ch\/index.php\/2017\/03\/01\/dov-sieht-trendwende-im-klassikbereich\/"},"modified":"2017-03-01T07:03:28","modified_gmt":"2017-03-01T07:03:28","slug":"dov-sieht-trendwende-im-klassikbereich","status":"publish","type":"post","link":"https:\/\/codexflores.ch\/index.php\/2017\/03\/01\/dov-sieht-trendwende-im-klassikbereich\/","title":{"rendered":"DOV sieht Trendwende im Klassikbereich"},"content":{"rendered":"<p><span style=\"font-family: arial,helvetica,sans-serif; font-size: small;\">01.03.2017 &#8212; Gerald Mertens, Gesch\u00e4ftsf\u00fchrer der Deutschen Orchestervereinigung (DOV), sieht eine \u00abTrendwende im Klassikbereich\u00bb. Ein Indiz: Noch nie wurden in Deutschland so viele Konzerts\u00e4le er\u00f6ffnet, gebaut oder saniert.<\/span><\/p>\n<p><span style=\"font-family: arial,helvetica,sans-serif; font-size: small;\"><strong>01.03.2017 &#8212; Gerald Mertens, Gesch\u00e4ftsf\u00fchrer der Deutschen Orchestervereinigung (DOV), sieht eine \u00abTrendwende im Klassikbereich\u00bb. Ein Indiz: Noch nie wurden in Deutschland so viele Konzerts\u00e4le er\u00f6ffnet, gebaut oder saniert.<\/strong><\/span><\/p>\n<p><span style=\"font-family: arial,helvetica,sans-serif; font-size: small;\">\u00a0<\/span><\/p>\n<p><span style=\"font-family: arial,helvetica,sans-serif; font-size: small;\">Auch die Zahlen der neuen DOV-Konzertstatistik weisen laut Mertens in diese Richtung. In der Spielzeit 2015\/16 gab es insgesamt 13&#8217;800 Veranstaltungen von \u00f6ffentlich gef\u00f6rderten Orchestern und Rundfunkensembles. Das sind zehn Prozent mehr als bei der letzten Umfrage. Die DOV erhebt die Zahlen seit der Spielzeit 2003\/04 alle zwei Jahre im Wechsel mit der Planstellen-Statistik. <\/span><\/p>\n<p>\u00a0<\/p>\n<p><span style=\"font-family: arial,helvetica,sans-serif; font-size: small;\">Traditionell ganz vorn liegen Sinfonie- und Chorkonzerte; davon gab es 5800. \u00dcberraschend sei das Ergebnis im Education-Bereich, so Mertens laut der DOV-Mitteilung weiter. Mit rund 5100 musikp\u00e4dagogischen Veranstaltungen h\u00e4tten die Orchester ihr Engagement um mehr als 20 Prozent gesteigert. <\/span><\/p>\n<p>\u00a0<\/p>\n<p><span style=\"font-family: arial,helvetica,sans-serif; font-size: small;\">Die Theater- und Orchesterlandschaft steht bei der Kampagne \u00abKulturtalent\u00bb der Deutschen UNESCO-Kommission einen Monat lang im Mittelpunkt. Mit der Kampagne will die Kommission das Immaterielle Kulturerbe bekannter machen. <em>(cf)<\/em> <\/span><\/p>\n<p><span style=\"font-family: arial,helvetica,sans-serif; font-size: small;\">\u00a0<\/span><\/p>\n","protected":false},"excerpt":{"rendered":"<p><span style=\"font-family: arial,helvetica,sans-serif; font-size: small;\">01.03.2017 &#8212; Gerald Mertens, Gesch\u00e4ftsf\u00fchrer der Deutschen Orchestervereinigung (DOV), sieht eine \u00abTrendwende im Klassikbereich\u00bb. Ein Indiz: Noch nie wurden in Deutschland so viele Konzerts\u00e4le er\u00f6ffnet, gebaut oder saniert.<\/span><\/p>\n","protected":false},"author":1,"featured_media":0,"comment_status":"open","ping_status":"open","sticky":false,"template":"","format":"standard","meta":{"footnotes":""},"categories":[2],"tags":[],"class_list":["post-3151","post","type-post","status-publish","format-standard","hentry","category-nachrichten","entry"],"_links":{"self":[{"href":"https:\/\/codexflores.ch\/index.php\/wp-json\/wp\/v2\/posts\/3151","targetHints":{"allow":["GET"]}}],"collection":[{"href":"https:\/\/codexflores.ch\/index.php\/wp-json\/wp\/v2\/posts"}],"about":[{"href":"https:\/\/codexflores.ch\/index.php\/wp-json\/wp\/v2\/types\/post"}],"author":[{"embeddable":true,"href":"https:\/\/codexflores.ch\/index.php\/wp-json\/wp\/v2\/users\/1"}],"replies":[{"embeddable":true,"href":"https:\/\/codexflores.ch\/index.php\/wp-json\/wp\/v2\/comments?post=3151"}],"version-history":[{"count":0,"href":"https:\/\/codexflores.ch\/index.php\/wp-json\/wp\/v2\/posts\/3151\/revisions"}],"wp:attachment":[{"href":"https:\/\/codexflores.ch\/index.php\/wp-json\/wp\/v2\/media?parent=3151"}],"wp:term":[{"taxonomy":"category","embeddable":true,"href":"https:\/\/codexflores.ch\/index.php\/wp-json\/wp\/v2\/categories?post=3151"},{"taxonomy":"post_tag","embeddable":true,"href":"https:\/\/codexflores.ch\/index.php\/wp-json\/wp\/v2\/tags?post=3151"}],"curies":[{"name":"wp","href":"https:\/\/api.w.org\/{rel}","templated":true}]}}