{"id":3153,"date":"2017-03-03T07:09:08","date_gmt":"2017-03-03T07:09:08","guid":{"rendered":"https:\/\/codexflores.ch\/index.php\/2017\/03\/03\/eroeffnung-des-berliner-boulez-saals-auf-arte\/"},"modified":"2017-03-03T07:09:08","modified_gmt":"2017-03-03T07:09:08","slug":"eroeffnung-des-berliner-boulez-saals-auf-arte","status":"publish","type":"post","link":"https:\/\/codexflores.ch\/index.php\/2017\/03\/03\/eroeffnung-des-berliner-boulez-saals-auf-arte\/","title":{"rendered":"Er\u00f6ffnung des Berliner Boulez-Saals auf Arte"},"content":{"rendered":"<p><span style=\"font-family: arial,helvetica,sans-serif; font-size: small;\">03.03.2017 &#8212; Berlin hat eine neue Konzertlokalit\u00e4t im Herzen der Stadt: den Pierre Boulez Saal. Die Online-Plattform Arte Concert zeigt das Er\u00f6ffnungskonzert am Samstag, den 4. M\u00e4rz, ab 18 Uhr live.<\/span><\/p>\n<p><span style=\"font-family: arial,helvetica,sans-serif; font-size: small;\"><strong>03.03.2017 &#8212; Berlin hat eine neue Konzertlokalit\u00e4t im Herzen der Stadt: den Pierre Boulez Saal. Die Online-Plattform Arte Concert zeigt das Er\u00f6ffnungskonzert am Samstag, den 4. M\u00e4rz, ab 18 Uhr live.<\/strong><\/span><\/p>\n<p><span style=\"font-family: arial,helvetica,sans-serif; font-size: small;\">\u00a0<\/span><\/p>\n<p><span style=\"font-family: arial,helvetica,sans-serif; font-size: small;\">Den Pierre-Boulez-Saal, angeregt von Daniel Barenboim als Hommage an Boulez, und entworfen vom Stararchitekten Frank Gehry, befindet sich im Herzen Berlins, in direkter Nachbarschaft zur Staatsoper unter den Linden und zum Gendarmenmarkt. Mit seinem Fassungsverm\u00f6gen von bis zu 682 Besuchern ist er konzipiert f\u00fcr Solokonzerte, Kammermusik und kleine Orchester. Die Akustik stammt von Yasuhisa Toyota, einem der besten Klangspezialisten der Welt.<\/span><\/p>\n<p><span style=\"font-family: arial,helvetica,sans-serif; font-size: small;\">\u00a0<\/span><\/p>\n<p><span style=\"font-family: arial,helvetica,sans-serif; font-size: small;\">Am Er\u00f6ffnungskonzert widmen sich Anna Prohaska und J\u00f6rg Widmann gemeinsam mit Barenboim Schuberts lyrischer Soloszene <em>Der Hirt auf dem Felsen<\/em>. Barenboim und Mitglieder des Boulez Ensembles musizieren Mozarts Klavierquartett, Karim Said und Michael Barenboim sind in Bergs Kammerkonzert zu erleben. Widmann spielt ausserdem seine Fantasie f\u00fcr Soloklarinette. Zu Ehren des Namensgebers Pierre Boulez wird das Programm eingerahmt von seiner fanfarenartigen Initiale und <em>sur Incises<\/em> f\u00fcr drei Klaviere, drei Harfen und drei Schlagzeuger.\u00a0 <em>(cf)<\/em><\/span><\/p>\n<p><span style=\"font-family: arial,helvetica,sans-serif; font-size: small;\">\u00a0<\/span><\/p>\n","protected":false},"excerpt":{"rendered":"<p><span style=\"font-family: arial,helvetica,sans-serif; font-size: small;\">03.03.2017 &#8212; Berlin hat eine neue Konzertlokalit\u00e4t im Herzen der Stadt: den Pierre Boulez Saal. Die Online-Plattform Arte Concert zeigt das Er\u00f6ffnungskonzert am Samstag, den 4. M\u00e4rz, ab 18 Uhr live.<\/span><\/p>\n","protected":false},"author":1,"featured_media":0,"comment_status":"open","ping_status":"open","sticky":false,"template":"","format":"standard","meta":{"footnotes":""},"categories":[2],"tags":[],"class_list":["post-3153","post","type-post","status-publish","format-standard","hentry","category-nachrichten","entry"],"_links":{"self":[{"href":"https:\/\/codexflores.ch\/index.php\/wp-json\/wp\/v2\/posts\/3153","targetHints":{"allow":["GET"]}}],"collection":[{"href":"https:\/\/codexflores.ch\/index.php\/wp-json\/wp\/v2\/posts"}],"about":[{"href":"https:\/\/codexflores.ch\/index.php\/wp-json\/wp\/v2\/types\/post"}],"author":[{"embeddable":true,"href":"https:\/\/codexflores.ch\/index.php\/wp-json\/wp\/v2\/users\/1"}],"replies":[{"embeddable":true,"href":"https:\/\/codexflores.ch\/index.php\/wp-json\/wp\/v2\/comments?post=3153"}],"version-history":[{"count":0,"href":"https:\/\/codexflores.ch\/index.php\/wp-json\/wp\/v2\/posts\/3153\/revisions"}],"wp:attachment":[{"href":"https:\/\/codexflores.ch\/index.php\/wp-json\/wp\/v2\/media?parent=3153"}],"wp:term":[{"taxonomy":"category","embeddable":true,"href":"https:\/\/codexflores.ch\/index.php\/wp-json\/wp\/v2\/categories?post=3153"},{"taxonomy":"post_tag","embeddable":true,"href":"https:\/\/codexflores.ch\/index.php\/wp-json\/wp\/v2\/tags?post=3153"}],"curies":[{"name":"wp","href":"https:\/\/api.w.org\/{rel}","templated":true}]}}