{"id":3155,"date":"2017-03-07T07:28:44","date_gmt":"2017-03-07T07:28:44","guid":{"rendered":"https:\/\/codexflores.ch\/index.php\/2017\/03\/07\/tod-des-bass-saengers-kurt-moll\/"},"modified":"2017-03-07T07:28:44","modified_gmt":"2017-03-07T07:28:44","slug":"tod-des-bass-saengers-kurt-moll","status":"publish","type":"post","link":"https:\/\/codexflores.ch\/index.php\/2017\/03\/07\/tod-des-bass-saengers-kurt-moll\/","title":{"rendered":"Tod des Bass-S\u00e4ngers Kurt Moll"},"content":{"rendered":"<p><span style=\"font-family: arial,helvetica,sans-serif; font-size: small;\">07.03.2017 &#8212; Wie die Bayerische Staatsoper mitteilt, ist der legend\u00e4re Bass-S\u00e4nger Kurt Moll nach langer, schwerer Krankheit im Alter von 78 Jahren verstorben.<\/span><\/p>\n<p><span style=\"font-family: arial,helvetica,sans-serif; font-size: small;\"><strong>07.03.2017 &#8212; Wie die Bayerische Staatsoper mitteilt, ist der legend\u00e4re Bass-S\u00e4nger Kurt Moll nach langer, schwerer Krankheit im Alter von 78 Jahren verstorben.<\/strong><\/span><\/p>\n<p><span style=\"font-family: arial,helvetica,sans-serif; font-size: small;\">\u00a0<\/span><\/p>\n<p><span style=\"font-family: arial,helvetica,sans-serif; font-size: small;\">Der in Buir bei K\u00f6ln geborene Bass war \u00fcber Jahrzehnte einer der wichtigsten Interpreten seines Faches. Die Staatsoper widmet dem Bayerischen Kammers\u00e4nger die Vorstellung von Mozarts Die Entf\u00fchrung aus dem Serail am 24. M\u00e4rz 2017.<\/span><\/p>\n<p>\u00a0<\/p>\n<p><span style=\"font-family: arial,helvetica,sans-serif; font-size: small;\">Moll gelang der internationale Durchbruch 1970 bei den Salzburger Festspielen als Sarastro in \u00abDie Zauberfl\u00f6te\u00bb. Sein Deb\u00fct an der Bayerischen Staatsoper feierte Moll 1971 als Einspringer in Die Meistersinger von N\u00fcrnberg. Die Partie des Veit Pogner begleitete ihn durch seine Karriere. Mozarts Sarastro blieb auch in M\u00fcnchen eine Lebensrolle. Am 31. Juli 2006 nahm Kurt Moll als Nachw\u00e4chter in \u00abDie Meistersinger von N\u00fcrnberg\u00bb Abschied von seinem M\u00fcnchner Publikum. <\/span><\/p>\n<p>\u00a0<\/p>\n<p><span style=\"font-family: arial,helvetica,sans-serif; font-size: small;\">Gastspiele f\u00fchrten ihn an allen grossen Opernh\u00e4usern der Welt, insbesondere sang er neben M\u00fcnchen in Hamburg, Wien, Bayreuth und Salzburg. Kurt Moll ist Bayerischer, Hamburger und Wiener Kammers\u00e4nger und war Gesangsprofessor an der K\u00f6lner Musikhochschule. 2002 erhielt er den Maximilianorden.\u00a0 <em>(cf)<\/em><\/span><\/p>\n<p><span style=\"font-family: arial,helvetica,sans-serif; font-size: small;\">\u00a0<\/span><\/p>\n","protected":false},"excerpt":{"rendered":"<p><span style=\"font-family: arial,helvetica,sans-serif; font-size: small;\">07.03.2017 &#8212; Wie die Bayerische Staatsoper mitteilt, ist der legend\u00e4re Bass-S\u00e4nger Kurt Moll nach langer, schwerer Krankheit im Alter von 78 Jahren verstorben.<\/span><\/p>\n","protected":false},"author":1,"featured_media":0,"comment_status":"open","ping_status":"open","sticky":false,"template":"","format":"standard","meta":{"footnotes":""},"categories":[2],"tags":[],"class_list":["post-3155","post","type-post","status-publish","format-standard","hentry","category-nachrichten","entry"],"_links":{"self":[{"href":"https:\/\/codexflores.ch\/index.php\/wp-json\/wp\/v2\/posts\/3155","targetHints":{"allow":["GET"]}}],"collection":[{"href":"https:\/\/codexflores.ch\/index.php\/wp-json\/wp\/v2\/posts"}],"about":[{"href":"https:\/\/codexflores.ch\/index.php\/wp-json\/wp\/v2\/types\/post"}],"author":[{"embeddable":true,"href":"https:\/\/codexflores.ch\/index.php\/wp-json\/wp\/v2\/users\/1"}],"replies":[{"embeddable":true,"href":"https:\/\/codexflores.ch\/index.php\/wp-json\/wp\/v2\/comments?post=3155"}],"version-history":[{"count":0,"href":"https:\/\/codexflores.ch\/index.php\/wp-json\/wp\/v2\/posts\/3155\/revisions"}],"wp:attachment":[{"href":"https:\/\/codexflores.ch\/index.php\/wp-json\/wp\/v2\/media?parent=3155"}],"wp:term":[{"taxonomy":"category","embeddable":true,"href":"https:\/\/codexflores.ch\/index.php\/wp-json\/wp\/v2\/categories?post=3155"},{"taxonomy":"post_tag","embeddable":true,"href":"https:\/\/codexflores.ch\/index.php\/wp-json\/wp\/v2\/tags?post=3155"}],"curies":[{"name":"wp","href":"https:\/\/api.w.org\/{rel}","templated":true}]}}