{"id":3158,"date":"2017-03-09T06:34:33","date_gmt":"2017-03-09T06:34:33","guid":{"rendered":"https:\/\/codexflores.ch\/index.php\/2017\/03\/09\/urauffuehrung-einer-holliger-oper-in-zuerich\/"},"modified":"2017-03-09T06:34:33","modified_gmt":"2017-03-09T06:34:33","slug":"urauffuehrung-einer-holliger-oper-in-zuerich","status":"publish","type":"post","link":"https:\/\/codexflores.ch\/index.php\/2017\/03\/09\/urauffuehrung-einer-holliger-oper-in-zuerich\/","title":{"rendered":"Urauff\u00fchrung einer Holliger-Oper in Z\u00fcrich"},"content":{"rendered":"<p><span style=\"font-family: arial,helvetica,sans-serif; font-size: small;\">09.03.2017 &#8212; Die erste Inszenierung des Z\u00fcrcher Opernintendanten Andreas Homoki in der kommenden Spielzeit ist die Urauff\u00fchrung der Oper \u00abLunea\u00bb von Heinz Holliger. Der Komponist \u00fcbernimmt pers\u00f6nlich die musikalische Leitung am Pult der Philharmonia Z\u00fcrich.<\/span><\/p>\n<p><span style=\"font-family: arial,helvetica,sans-serif; font-size: small;\"><strong>09.03.2017 &#8212; Die erste Inszenierung des Z\u00fcrcher Opernintendanten Andreas Homoki in der kommenden Spielzeit ist die Urauff\u00fchrung der Oper \u00abLunea\u00bb von Heinz Holliger. Der Komponist \u00fcbernimmt pers\u00f6nlich die musikalische Leitung am Pult der Philharmonia Z\u00fcrich.<\/strong><\/span><\/p>\n<p><span style=\"font-family: arial,helvetica,sans-serif; font-size: small;\">\u00a0<\/span><\/p>\n<p><span style=\"font-family: arial,helvetica,sans-serif; font-size: small;\">Fabio Luisi und Andreas Homoki erarbeiten zudem in der kommenden Spielzeit das Melodramma <span style=\"font-family: arial,helvetica,sans-serif; font-size: small;\">\u00ab<\/span>La forza del destino<span style=\"font-family: arial,helvetica,sans-serif; font-size: small;\">\u00bb<\/span> von Giuseppe Verdi. Die Konzertreihe mit der Philharmonia Z\u00fcrich und dem Orchestra La Scintilla spannt in der kommenden Spielzeit einen musikalischen Bogen um vier Jahrhunderte, von der italienischen Barockmusik des 17. Jahrhunderts bis hin zu ausgew\u00e4hlten italienischen Komponisten aus der zweiten H\u00e4lfte des 20. Jahrhunderts.\u00a0<\/span><\/p>\n<p><span style=\"font-family: arial,helvetica,sans-serif; font-size: small;\">\u00a0<\/span><\/p>\n<p><span style=\"font-family: arial,helvetica,sans-serif; font-size: small;\">Das Ballett Z\u00fcrich er\u00f6ffnet die Spielzeit 2017\/2018 mit <span style=\"font-family: arial,helvetica,sans-serif; font-size: small;\">\u00ab<\/span>Nussknacker und Mausek\u00f6nig<span style=\"font-family: arial,helvetica,sans-serif; font-size: small;\">\u00bb<\/span>, einer Neuproduktion von Christian Spuck zu Tschaikowskis ber\u00fchmter Ballettkomposition. Ausserdem gibt es ein Wiedersehen mit dem Choreographen Edward Clug f\u00fcr die Urauff\u00fchrung des Handlungsballetts <span style=\"font-family: arial,helvetica,sans-serif; font-size: small;\"><span style=\"font-family: arial,helvetica,sans-serif; font-size: small;\">\u00ab<\/span><\/span>Faust<span style=\"font-family: arial,helvetica,sans-serif; font-size: small;\"><span style=\"font-family: arial,helvetica,sans-serif; font-size: small;\">\u00bb<\/span><\/span>. Die Premiere <span style=\"font-family: arial,helvetica,sans-serif; font-size: small;\"><span style=\"font-family: arial,helvetica,sans-serif; font-size: small;\">\u00ab<\/span><\/span>Emergence<span style=\"font-family: arial,helvetica,sans-serif; font-size: small;\"><span style=\"font-family: arial,helvetica,sans-serif; font-size: small;\">\u00bb<\/span><\/span> vereint <span style=\"font-family: arial,helvetica,sans-serif; font-size: small;\"><span style=\"font-family: arial,helvetica,sans-serif; font-size: small;\"><span style=\"font-family: arial,helvetica,sans-serif; font-size: small;\">\u00ab<\/span><\/span><\/span>Speak for yourself<span style=\"font-family: arial,helvetica,sans-serif; font-size: small;\"><span style=\"font-family: arial,helvetica,sans-serif; font-size: small;\"><span style=\"font-family: arial,helvetica,sans-serif; font-size: small;\">\u00bb<\/span><\/span><\/span> von Sol Le\u00f3n und Paul Lightfoot sowie erstmals ein St\u00fcck der Choreografin Crystal Pite. <em>(cf)\u00a0<\/p>\n<p><\/em><strong><br \/>Das ganze Saisonprogramm<\/strong>: <a href=\"http:\/\/www.opernhaus.ch\/kiosk\/notizen\/#news654\" target=\"_blank\" rel=\"noopener noreferrer\">www.opernhaus.ch\/kiosk\/notizen\/#news654<\/a><\/span><\/p>\n","protected":false},"excerpt":{"rendered":"<p><span style=\"font-family: arial,helvetica,sans-serif; font-size: small;\">09.03.2017 &#8212; Die erste Inszenierung des Z\u00fcrcher Opernintendanten Andreas Homoki in der kommenden Spielzeit ist die Urauff\u00fchrung der Oper \u00abLunea\u00bb von Heinz Holliger. Der Komponist \u00fcbernimmt pers\u00f6nlich die musikalische Leitung am Pult der Philharmonia Z\u00fcrich.<\/span><\/p>\n","protected":false},"author":1,"featured_media":0,"comment_status":"open","ping_status":"open","sticky":false,"template":"","format":"standard","meta":{"footnotes":""},"categories":[2],"tags":[],"class_list":["post-3158","post","type-post","status-publish","format-standard","hentry","category-nachrichten","entry"],"_links":{"self":[{"href":"https:\/\/codexflores.ch\/index.php\/wp-json\/wp\/v2\/posts\/3158","targetHints":{"allow":["GET"]}}],"collection":[{"href":"https:\/\/codexflores.ch\/index.php\/wp-json\/wp\/v2\/posts"}],"about":[{"href":"https:\/\/codexflores.ch\/index.php\/wp-json\/wp\/v2\/types\/post"}],"author":[{"embeddable":true,"href":"https:\/\/codexflores.ch\/index.php\/wp-json\/wp\/v2\/users\/1"}],"replies":[{"embeddable":true,"href":"https:\/\/codexflores.ch\/index.php\/wp-json\/wp\/v2\/comments?post=3158"}],"version-history":[{"count":0,"href":"https:\/\/codexflores.ch\/index.php\/wp-json\/wp\/v2\/posts\/3158\/revisions"}],"wp:attachment":[{"href":"https:\/\/codexflores.ch\/index.php\/wp-json\/wp\/v2\/media?parent=3158"}],"wp:term":[{"taxonomy":"category","embeddable":true,"href":"https:\/\/codexflores.ch\/index.php\/wp-json\/wp\/v2\/categories?post=3158"},{"taxonomy":"post_tag","embeddable":true,"href":"https:\/\/codexflores.ch\/index.php\/wp-json\/wp\/v2\/tags?post=3158"}],"curies":[{"name":"wp","href":"https:\/\/api.w.org\/{rel}","templated":true}]}}