{"id":3164,"date":"2017-03-16T06:52:09","date_gmt":"2017-03-16T06:52:09","guid":{"rendered":"https:\/\/codexflores.ch\/index.php\/2017\/03\/16\/notter-gibt-posten-beim-orchestre-de-la-suisse-romande-ab\/"},"modified":"2017-03-16T06:52:09","modified_gmt":"2017-03-16T06:52:09","slug":"notter-gibt-posten-beim-orchestre-de-la-suisse-romande-ab","status":"publish","type":"post","link":"https:\/\/codexflores.ch\/index.php\/2017\/03\/16\/notter-gibt-posten-beim-orchestre-de-la-suisse-romande-ab\/","title":{"rendered":"Notter gibt Posten beim Orchestre de la Suisse romande ab"},"content":{"rendered":"<p><span style=\"font-family: arial,helvetica,sans-serif; font-size: small;\">16.03.2017 &#8212; Laut einer Meldung der \u00abTribune de Gen\u00e8ve\u00bb will Florence Notter, die Pr\u00e4sidentin der Tr\u00e4gerstiftung des Orchestre de la Suisse romande (OSR), ihren Posten im Juni r\u00e4umen.\u00a0<\/span><\/p>\n<p><span style=\"font-family: arial,helvetica,sans-serif; font-size: small;\"><strong>16.03.2017 &#8212; Laut einer Meldung der\u00a0<span style=\"font-family: arial,helvetica,sans-serif; font-size: small;\">\u00abTribune de Gen\u00e8ve\u00bb<\/span> will Florence Notter, die Pr\u00e4sidentin der Tr\u00e4gerstiftung des Orchestre de la Suisse romande (OSR), ihren Posten im Juni r\u00e4umen.<\/strong><\/span><\/p>\n<p><span style=\"font-family: arial,helvetica,sans-serif; font-size: small;\">\u00a0<\/span><\/p>\n<p><span style=\"font-family: arial,helvetica,sans-serif; font-size: small;\">W\u00e4hrend ihrer Pr\u00e4sidentschaft gingen die Wogen beim OSR hoch. Mehrere F\u00fchrungsfunktionen wechselten in teils turbulenter Manier. Mit Jonathan Nott als neuem musikalischem Leiter und Magali Rousseau als neue Gesch\u00e4ftsf\u00fchrerin hat sich die Situation des Orcehster nun aber stabilisiert.<\/span><\/p>\n<p><span style=\"font-family: arial,helvetica,sans-serif; font-size: small;\">\u00a0<\/span><\/p>\n<p><span style=\"font-family: arial,helvetica,sans-serif; font-size: small;\">Dies f\u00fchrte dazu, dass selbt Martin T. Engstroem, der Leiter des Verbier Festivas <a href=\"http:\/\/www.codexflores.ch\/index.php\/component\/content\/article\/2-nachrichten\/3060-engstroem-distanziert-sich-von-orchestre-de-la-suisse-romande\">sich dar\u00fcber beklagte<\/a>, dass beim OSR im Verlaufe der letzten Jahre eine Reihe \u00abschlechter Entscheidungen\u00bb getroffen worden seien. Er warf Notter vor, Entscheidungen alleine zu treffen, die von den Gremien des Orchesters bloss noch abgenickt werden d\u00fcrften. <em>(cf)<\/em><\/span><\/p>\n<p>\u00a0<\/p>\n<p>\u00a0<\/p>\n<p>\u00a0<\/p>\n","protected":false},"excerpt":{"rendered":"<p><span style=\"font-family: arial,helvetica,sans-serif; font-size: small;\">16.03.2017 &#8212; Laut einer Meldung der \u00abTribune de Gen\u00e8ve\u00bb will Florence Notter, die Pr\u00e4sidentin der Tr\u00e4gerstiftung des Orchestre de la Suisse romande (OSR), ihren Posten im Juni r\u00e4umen.\u00a0<\/span><\/p>\n","protected":false},"author":1,"featured_media":0,"comment_status":"open","ping_status":"open","sticky":false,"template":"","format":"standard","meta":{"footnotes":""},"categories":[2],"tags":[],"class_list":["post-3164","post","type-post","status-publish","format-standard","hentry","category-nachrichten","entry"],"_links":{"self":[{"href":"https:\/\/codexflores.ch\/index.php\/wp-json\/wp\/v2\/posts\/3164","targetHints":{"allow":["GET"]}}],"collection":[{"href":"https:\/\/codexflores.ch\/index.php\/wp-json\/wp\/v2\/posts"}],"about":[{"href":"https:\/\/codexflores.ch\/index.php\/wp-json\/wp\/v2\/types\/post"}],"author":[{"embeddable":true,"href":"https:\/\/codexflores.ch\/index.php\/wp-json\/wp\/v2\/users\/1"}],"replies":[{"embeddable":true,"href":"https:\/\/codexflores.ch\/index.php\/wp-json\/wp\/v2\/comments?post=3164"}],"version-history":[{"count":0,"href":"https:\/\/codexflores.ch\/index.php\/wp-json\/wp\/v2\/posts\/3164\/revisions"}],"wp:attachment":[{"href":"https:\/\/codexflores.ch\/index.php\/wp-json\/wp\/v2\/media?parent=3164"}],"wp:term":[{"taxonomy":"category","embeddable":true,"href":"https:\/\/codexflores.ch\/index.php\/wp-json\/wp\/v2\/categories?post=3164"},{"taxonomy":"post_tag","embeddable":true,"href":"https:\/\/codexflores.ch\/index.php\/wp-json\/wp\/v2\/tags?post=3164"}],"curies":[{"name":"wp","href":"https:\/\/api.w.org\/{rel}","templated":true}]}}