{"id":3168,"date":"2017-03-21T07:06:05","date_gmt":"2017-03-21T07:06:05","guid":{"rendered":"https:\/\/codexflores.ch\/index.php\/2017\/03\/21\/baden-wuerttemberg-hat-ein-neues-orchester\/"},"modified":"2017-03-21T07:06:05","modified_gmt":"2017-03-21T07:06:05","slug":"baden-wuerttemberg-hat-ein-neues-orchester","status":"publish","type":"post","link":"https:\/\/codexflores.ch\/index.php\/2017\/03\/21\/baden-wuerttemberg-hat-ein-neues-orchester\/","title":{"rendered":"Baden-W\u00fcrttemberg hat ein neues Orchester"},"content":{"rendered":"<p><span style=\"font-family: arial,helvetica,sans-serif; font-size: small;\">21.03.2017 &#8212; Im badenw\u00fcrttemberigschen K\u00fcnzelsau-Gaisbach hat das Industrieunternehmen W\u00fcrth, das in Chur, Rorschach und Arlesheim die <span class=\"mw-redirect\">Kulturforen W\u00fcrth<\/span> betreibt, neben einem Konzertsaal, dem Carmen-W\u00fcrth-Forum, auch ein Sinfonieorchester gegr\u00fcndet. Das Einstandskonzert dirigiert Kent Nagano.\u00a0<\/span><\/p>\n<p><span style=\"font-family: arial,helvetica,sans-serif; font-size: small;\"><strong>21.03.2017 &#8212; Im badenw\u00fcrttemberigschen K\u00fcnzelsau-Gaisbach hat das Industrieunternehmen W\u00fcrth, das in Chur, Rorschach und Arlesheim die <span class=\"mw-redirect\">Kulturforen W\u00fcrth<\/span> betreibt, neben einem Konzertsaal, dem Carmen-W\u00fcrth-Forum, auch ein Sinfonieorchester gegr\u00fcndet. Das Einstandskonzert dirigiert Kent Nagano.<\/strong> <\/span><\/p>\n<p><span style=\"font-family: arial,helvetica,sans-serif; font-size: small;\">\u00a0<\/span><\/p>\n<p><span style=\"font-family: arial,helvetica,sans-serif; font-size: small;\">Das Orchester soll am 21. Juli an einem Open-Air-Konzert erstmals zu h\u00f6ren sein. Auf dem Programm stehen John Adams \u00abHarmonielehre\u00bb und Beethoven f\u00fcnftes Klavierkonzert. Solist ist Lars Vogt.<\/span><\/p>\n<p>\u00a0<\/p>\n<p><span style=\"font-family: arial,helvetica,sans-serif; font-size: small;\">Heimat ddes Orchester ist das mit rund 60 Mmillionen Euro neugeschaffene Carmen-W\u00fcrth-Forum in K\u00fcnzelsau-Gaisbach. Es umfasst eine Veranstaltungshalle mit 2500 Sitzpl\u00e4tzen und einen Kammerkonzertsaal, der 500 Besucher fasst. <em>(cf)<\/em><\/span><\/p>\n<p>\u00a0<\/p>\n<p>\u00a0<\/p>\n<p>\u00a0<\/p>\n","protected":false},"excerpt":{"rendered":"<p><span style=\"font-family: arial,helvetica,sans-serif; font-size: small;\">21.03.2017 &#8212; Im badenw\u00fcrttemberigschen K\u00fcnzelsau-Gaisbach hat das Industrieunternehmen W\u00fcrth, das in Chur, Rorschach und Arlesheim die <span class=\"mw-redirect\">Kulturforen W\u00fcrth<\/span> betreibt, neben einem Konzertsaal, dem Carmen-W\u00fcrth-Forum, auch ein Sinfonieorchester gegr\u00fcndet. Das Einstandskonzert dirigiert Kent Nagano.\u00a0<\/span><\/p>\n","protected":false},"author":1,"featured_media":0,"comment_status":"open","ping_status":"open","sticky":false,"template":"","format":"standard","meta":{"footnotes":""},"categories":[2],"tags":[],"class_list":["post-3168","post","type-post","status-publish","format-standard","hentry","category-nachrichten","entry"],"_links":{"self":[{"href":"https:\/\/codexflores.ch\/index.php\/wp-json\/wp\/v2\/posts\/3168","targetHints":{"allow":["GET"]}}],"collection":[{"href":"https:\/\/codexflores.ch\/index.php\/wp-json\/wp\/v2\/posts"}],"about":[{"href":"https:\/\/codexflores.ch\/index.php\/wp-json\/wp\/v2\/types\/post"}],"author":[{"embeddable":true,"href":"https:\/\/codexflores.ch\/index.php\/wp-json\/wp\/v2\/users\/1"}],"replies":[{"embeddable":true,"href":"https:\/\/codexflores.ch\/index.php\/wp-json\/wp\/v2\/comments?post=3168"}],"version-history":[{"count":0,"href":"https:\/\/codexflores.ch\/index.php\/wp-json\/wp\/v2\/posts\/3168\/revisions"}],"wp:attachment":[{"href":"https:\/\/codexflores.ch\/index.php\/wp-json\/wp\/v2\/media?parent=3168"}],"wp:term":[{"taxonomy":"category","embeddable":true,"href":"https:\/\/codexflores.ch\/index.php\/wp-json\/wp\/v2\/categories?post=3168"},{"taxonomy":"post_tag","embeddable":true,"href":"https:\/\/codexflores.ch\/index.php\/wp-json\/wp\/v2\/tags?post=3168"}],"curies":[{"name":"wp","href":"https:\/\/api.w.org\/{rel}","templated":true}]}}