{"id":3170,"date":"2017-03-22T06:48:56","date_gmt":"2017-03-22T06:48:56","guid":{"rendered":"https:\/\/codexflores.ch\/index.php\/2017\/03\/22\/van-keulen-interimsleiterin-der-kammerakademie-neuss\/"},"modified":"2017-03-22T06:48:56","modified_gmt":"2017-03-22T06:48:56","slug":"van-keulen-interimsleiterin-der-kammerakademie-neuss","status":"publish","type":"post","link":"https:\/\/codexflores.ch\/index.php\/2017\/03\/22\/van-keulen-interimsleiterin-der-kammerakademie-neuss\/","title":{"rendered":"Van Keulen Interimsleiterin der Kammerakademie Neuss"},"content":{"rendered":"<p><span style=\"font-family: arial,helvetica,sans-serif; font-size: small;\">22.03.2017 &#8212; Die niederl\u00e4ndische Geigerin Isabelle van Keulen, die in Luzern unterrichtet, \u00fcbernimmt als \u00abArtist in Residence\u00bb zwischenzeitlich die k\u00fcnstlerische Leitung der Deutschen Kammerakademie Neuss (DKN).<\/span><\/p>\n<p><span style=\"font-family: arial,helvetica,sans-serif; font-size: small;\"><strong>22.03.2017 &#8212; Die niederl\u00e4ndische Geigerin Isabelle van Keulen, die in Luzern unterrichtet, \u00fcbernimmt als \u00abArtist in Residence\u00bb zwischenzeitlich die k\u00fcnstlerische Leitung der Deutschen Kammerakademie Neuss (DKN).<\/strong><\/span><\/p>\n<p><span style=\"font-family: arial,helvetica,sans-serif; font-size: small;\">\u00a0<\/span><\/p>\n<p><span style=\"font-family: arial,helvetica,sans-serif; font-size: small;\">Nachdem Lavard Skou Larsen, der die DKN in den letzten zw\u00f6lf Jahren als Chefdirigent geleitet hatte, sich im Juni mit der Open- Air Klassiknacht aus Neuss verabschiedet, wollen sich die Musiker und das Management des Ensembles laut der Mitteilung der DKN bei der Neubesetzung seines Postens Zeit lassen. Die k\u00fcnstlerische F\u00fchrung liegt zwischenzeitlich in den H\u00e4nden von Isabelle van Keulen.\u00a0<\/span><\/p>\n<p><span style=\"font-family: arial,helvetica,sans-serif; font-size: small;\">\u00a0<\/span><\/p>\n<p><span style=\"font-family: arial,helvetica,sans-serif; font-size: small;\">Als Artistic Director wirkte Isabelle van Keulen bereits zwischen 2009 und 2012 beim Norwegian Chamber Orchestra, und von 1997 bis 2006 als k\u00fcnstlerische Leiterin des Delft Chamber Music Festival. Sie unterrichtet \u00fcberdies als Dozentin f\u00fcr Violine, Viola und Kammermusik an der Hochschule f\u00fcr Musik in Luzern.\u00a0 <em>(cf)<\/em><\/span><\/p>\n<p><span style=\"font-family: arial,helvetica,sans-serif; font-size: small;\">\u00a0<\/span><\/p>\n","protected":false},"excerpt":{"rendered":"<p><span style=\"font-family: arial,helvetica,sans-serif; font-size: small;\">22.03.2017 &#8212; Die niederl\u00e4ndische Geigerin Isabelle van Keulen, die in Luzern unterrichtet, \u00fcbernimmt als \u00abArtist in Residence\u00bb zwischenzeitlich die k\u00fcnstlerische Leitung der Deutschen Kammerakademie Neuss (DKN).<\/span><\/p>\n","protected":false},"author":1,"featured_media":0,"comment_status":"open","ping_status":"open","sticky":false,"template":"","format":"standard","meta":{"footnotes":""},"categories":[2],"tags":[],"class_list":["post-3170","post","type-post","status-publish","format-standard","hentry","category-nachrichten","entry"],"_links":{"self":[{"href":"https:\/\/codexflores.ch\/index.php\/wp-json\/wp\/v2\/posts\/3170","targetHints":{"allow":["GET"]}}],"collection":[{"href":"https:\/\/codexflores.ch\/index.php\/wp-json\/wp\/v2\/posts"}],"about":[{"href":"https:\/\/codexflores.ch\/index.php\/wp-json\/wp\/v2\/types\/post"}],"author":[{"embeddable":true,"href":"https:\/\/codexflores.ch\/index.php\/wp-json\/wp\/v2\/users\/1"}],"replies":[{"embeddable":true,"href":"https:\/\/codexflores.ch\/index.php\/wp-json\/wp\/v2\/comments?post=3170"}],"version-history":[{"count":0,"href":"https:\/\/codexflores.ch\/index.php\/wp-json\/wp\/v2\/posts\/3170\/revisions"}],"wp:attachment":[{"href":"https:\/\/codexflores.ch\/index.php\/wp-json\/wp\/v2\/media?parent=3170"}],"wp:term":[{"taxonomy":"category","embeddable":true,"href":"https:\/\/codexflores.ch\/index.php\/wp-json\/wp\/v2\/categories?post=3170"},{"taxonomy":"post_tag","embeddable":true,"href":"https:\/\/codexflores.ch\/index.php\/wp-json\/wp\/v2\/tags?post=3170"}],"curies":[{"name":"wp","href":"https:\/\/api.w.org\/{rel}","templated":true}]}}