{"id":3180,"date":"2017-04-03T06:01:13","date_gmt":"2017-04-03T06:01:13","guid":{"rendered":"https:\/\/codexflores.ch\/index.php\/2017\/04\/03\/milo-rau-doziert-in-saarbruecken\/"},"modified":"2017-04-03T06:01:13","modified_gmt":"2017-04-03T06:01:13","slug":"milo-rau-doziert-in-saarbruecken","status":"publish","type":"post","link":"https:\/\/codexflores.ch\/index.php\/2017\/04\/03\/milo-rau-doziert-in-saarbruecken\/","title":{"rendered":"Milo Rau doziert in Saarbr\u00fccken"},"content":{"rendered":"<p><span style=\"font-family: arial,helvetica,sans-serif; font-size: small;\">03.04.2017 &#8212; Der Schweizer Film- und Theatermacher Milo Rau \u00fcbernimmt dieses Jahr die Saarbr\u00fccker Poetikdozentur f\u00fcr Dramatik. Er wird in Saarbr\u00fccken im Mai drei \u00f6ffentliche Vortr\u00e4ge \u00fcber sein Werk halten.<\/span><\/p>\n<p><span style=\"font-family: arial,helvetica,sans-serif; font-size: small;\"><strong>03.04.2017 &#8212; Der Schweizer Film- und Theatermacher Milo Rau \u00fcbernimmt dieses Jahr die Saarbr\u00fccker Poetikdozentur f\u00fcr Dramatik. Er wird in Saarbr\u00fccken im Mai drei \u00f6ffentliche Vortr\u00e4ge \u00fcber sein Werk halten.<\/strong><\/span><\/p>\n<p>\u00a0<\/p>\n<p><span style=\"font-family: arial,helvetica,sans-serif; font-size: small;\">Milo Rau sei einer der konsequentesten Denker des Theaters der Gegenwart und einer der wichtigsten Wegweiser f\u00fcr ein Theater, das sich intellektuell wie \u00e4sthetisch den Krisen der Gegenwart stellen und an der Erarbeitung von Antworten beteiligen will, schreibt die Saarbr\u00fccke Uni.<\/span><\/p>\n<p>\u00a0<\/p>\n<p><span style=\"font-family: arial,helvetica,sans-serif; font-size: small;\">Die Universit\u00e4t des Saarlandes richtet seit 2011 j\u00e4hrlich gemeinsam mit dem Saarl\u00e4ndischen Staatstheater, der Landeshauptstadt Saarbr\u00fccken und der VHS Regionalverband Saarbr\u00fccken die deutschlandweit einzige Poetikdozentur nur f\u00fcr Dramatik aus. Seit diesem Jahr geh\u00f6rt erstmalig auch das Festival Perspectives zu den Organisatoren.<\/span><\/p>\n<p>\u00a0<\/p>\n<p><span style=\"font-family: arial,helvetica,sans-serif; font-size: small;\">Ziel der Poetikdozentur ist es, herausragende deutschsprachige B\u00fchnenautoren der Gegenwart nach Saarbr\u00fccken einzuladen, um in \u00f6ffentlichen Vortr\u00e4gen ihren Begriff von Drama und Theater zu formulieren und zu reflektieren. Eingeldaen worden sind bisher Rimini Protokoll, Roland Schimmelpfennig, Kathrin R\u00f6ggla, Albert Ostermaier und Falk Richter. <em>(cf)<\/em><\/span><\/p>\n","protected":false},"excerpt":{"rendered":"<p><span style=\"font-family: arial,helvetica,sans-serif; font-size: small;\">03.04.2017 &#8212; Der Schweizer Film- und Theatermacher Milo Rau \u00fcbernimmt dieses Jahr die Saarbr\u00fccker Poetikdozentur f\u00fcr Dramatik. Er wird in Saarbr\u00fccken im Mai drei \u00f6ffentliche Vortr\u00e4ge \u00fcber sein Werk halten.<\/span><\/p>\n","protected":false},"author":1,"featured_media":0,"comment_status":"open","ping_status":"open","sticky":false,"template":"","format":"standard","meta":{"footnotes":""},"categories":[2],"tags":[],"class_list":["post-3180","post","type-post","status-publish","format-standard","hentry","category-nachrichten","entry"],"_links":{"self":[{"href":"https:\/\/codexflores.ch\/index.php\/wp-json\/wp\/v2\/posts\/3180","targetHints":{"allow":["GET"]}}],"collection":[{"href":"https:\/\/codexflores.ch\/index.php\/wp-json\/wp\/v2\/posts"}],"about":[{"href":"https:\/\/codexflores.ch\/index.php\/wp-json\/wp\/v2\/types\/post"}],"author":[{"embeddable":true,"href":"https:\/\/codexflores.ch\/index.php\/wp-json\/wp\/v2\/users\/1"}],"replies":[{"embeddable":true,"href":"https:\/\/codexflores.ch\/index.php\/wp-json\/wp\/v2\/comments?post=3180"}],"version-history":[{"count":0,"href":"https:\/\/codexflores.ch\/index.php\/wp-json\/wp\/v2\/posts\/3180\/revisions"}],"wp:attachment":[{"href":"https:\/\/codexflores.ch\/index.php\/wp-json\/wp\/v2\/media?parent=3180"}],"wp:term":[{"taxonomy":"category","embeddable":true,"href":"https:\/\/codexflores.ch\/index.php\/wp-json\/wp\/v2\/categories?post=3180"},{"taxonomy":"post_tag","embeddable":true,"href":"https:\/\/codexflores.ch\/index.php\/wp-json\/wp\/v2\/tags?post=3180"}],"curies":[{"name":"wp","href":"https:\/\/api.w.org\/{rel}","templated":true}]}}