{"id":3184,"date":"2017-04-05T06:10:47","date_gmt":"2017-04-05T06:10:47","guid":{"rendered":"https:\/\/codexflores.ch\/index.php\/2017\/04\/05\/tod-des-musikwissenschaftlers-karl-heinrich-ehrenforth\/"},"modified":"2017-04-05T06:10:47","modified_gmt":"2017-04-05T06:10:47","slug":"tod-des-musikwissenschaftlers-karl-heinrich-ehrenforth","status":"publish","type":"post","link":"https:\/\/codexflores.ch\/index.php\/2017\/04\/05\/tod-des-musikwissenschaftlers-karl-heinrich-ehrenforth\/","title":{"rendered":"Tod des Musikwissenschaftlers Karl Heinrich Ehrenforth"},"content":{"rendered":"<p><span style=\"font-family: arial,helvetica,sans-serif; font-size: small;\">05.04.2017 &#8212; Der Musikwissenschaftler Karl Heinrich Ehrenforth ist im Alter von 87 Jahren verstorben. Ehrenforth war Inhaber des Lehrstuhls f\u00fcr Musikp\u00e4dagogik und Musikdidaktik sowie Leiter des Studienganges Schulmusik an der Hochschule f\u00fcr Musik Detmold.<\/span><\/p>\n<p><span style=\"font-family: arial,helvetica,sans-serif; font-size: small;\"><strong>05.04.2017 &#8212; Der Musikwissenschaftler Karl Heinrich Ehrenforth ist im Alter von 87 Jahren verstorben. Ehrenforth war Inhaber des Lehrstuhls f\u00fcr Musikp\u00e4dagogik und Musikdidaktik sowie Leiter des Studienganges Schulmusik an der Hochschule f\u00fcr Musik Detmold.<\/strong><\/span><\/p>\n<p><span style=\"font-family: arial,helvetica,sans-serif; font-size: small;\">\u00a0<\/span><\/p>\n<p><span style=\"font-family: arial,helvetica,sans-serif; font-size: small;\">Ehrenforth war nach seiner T\u00e4tigkeit als Grundsatzreferent von 1981 bis 1990 Bundesvorsitzender und danach Ehrenvorsitzender des Verbandes Deutscher Schulmusiker. Er unterst\u00fctzte laut der Mitteilung des Deutschen Musikrates massgeblich die Entwicklung und Fusion des Verbandes Deutscher Schulmusiker (VDS) und des Arbeitskreises f\u00fcr Schulmusik (AfS) zum Bundesverband Musikunterricht (BMU). <\/span><\/p>\n<p>\u00a0<\/p>\n<p><span style=\"font-family: arial,helvetica,sans-serif; font-size: small;\">Als Ehrenpr\u00e4sident des BMU brachte er sich bis zuletzt in die musik- und kulturpolitische Arbeit des Verbandes ein. Von 1990 bis 1992 \u00fcbernahm er eine Gastprofessur an der Universit\u00e4t Rostock und war Mitglied des Gr\u00fcndungssenates der dortigen Hochschule f\u00fcr Musik.\u00a0<em>(cf)<\/em><\/span><\/p>\n","protected":false},"excerpt":{"rendered":"<p><span style=\"font-family: arial,helvetica,sans-serif; font-size: small;\">05.04.2017 &#8212; Der Musikwissenschaftler Karl Heinrich Ehrenforth ist im Alter von 87 Jahren verstorben. Ehrenforth war Inhaber des Lehrstuhls f\u00fcr Musikp\u00e4dagogik und Musikdidaktik sowie Leiter des Studienganges Schulmusik an der Hochschule f\u00fcr Musik Detmold.<\/span><\/p>\n","protected":false},"author":1,"featured_media":0,"comment_status":"open","ping_status":"open","sticky":false,"template":"","format":"standard","meta":{"footnotes":""},"categories":[2],"tags":[],"class_list":["post-3184","post","type-post","status-publish","format-standard","hentry","category-nachrichten","entry"],"_links":{"self":[{"href":"https:\/\/codexflores.ch\/index.php\/wp-json\/wp\/v2\/posts\/3184","targetHints":{"allow":["GET"]}}],"collection":[{"href":"https:\/\/codexflores.ch\/index.php\/wp-json\/wp\/v2\/posts"}],"about":[{"href":"https:\/\/codexflores.ch\/index.php\/wp-json\/wp\/v2\/types\/post"}],"author":[{"embeddable":true,"href":"https:\/\/codexflores.ch\/index.php\/wp-json\/wp\/v2\/users\/1"}],"replies":[{"embeddable":true,"href":"https:\/\/codexflores.ch\/index.php\/wp-json\/wp\/v2\/comments?post=3184"}],"version-history":[{"count":0,"href":"https:\/\/codexflores.ch\/index.php\/wp-json\/wp\/v2\/posts\/3184\/revisions"}],"wp:attachment":[{"href":"https:\/\/codexflores.ch\/index.php\/wp-json\/wp\/v2\/media?parent=3184"}],"wp:term":[{"taxonomy":"category","embeddable":true,"href":"https:\/\/codexflores.ch\/index.php\/wp-json\/wp\/v2\/categories?post=3184"},{"taxonomy":"post_tag","embeddable":true,"href":"https:\/\/codexflores.ch\/index.php\/wp-json\/wp\/v2\/tags?post=3184"}],"curies":[{"name":"wp","href":"https:\/\/api.w.org\/{rel}","templated":true}]}}