{"id":3187,"date":"2017-04-07T05:54:12","date_gmt":"2017-04-07T05:54:12","guid":{"rendered":"https:\/\/codexflores.ch\/index.php\/2017\/04\/07\/kreative-sollen-an-digitaler-wertschoepfung-beteiligt-werden\/"},"modified":"2017-04-07T05:54:12","modified_gmt":"2017-04-07T05:54:12","slug":"kreative-sollen-an-digitaler-wertschoepfung-beteiligt-werden","status":"publish","type":"post","link":"https:\/\/codexflores.ch\/index.php\/2017\/04\/07\/kreative-sollen-an-digitaler-wertschoepfung-beteiligt-werden\/","title":{"rendered":"Kreative sollen an digitaler Wertsch\u00f6pfung beteiligt werden"},"content":{"rendered":"<p><span style=\"font-family: arial,helvetica,sans-serif; font-size: small;\">07.04.2017 &#8212; Die Deutsche Content Allianz (DCA) fordert \u00abeine zukunftsf\u00e4hige Digitale Agenda, die die Marktbedingungen und die rechtlichen Rahmenbedingungen f\u00fcr die Kultur- und Medienwirtschaft nachhaltig verbessert\u00bb.<\/span><\/p>\n<p><span style=\"font-family: arial,helvetica,sans-serif; font-size: small;\"><strong>07.04.2017 &#8212; Die Deutsche Content Allianz (DCA) fordert \u00abeine zukunftsf\u00e4hige Digitale Agenda, die die Marktbedingungen und die rechtlichen Rahmenbedingungen f\u00fcr die Kultur- und Medienwirtschaft nachhaltig verbessert\u00bb.<\/strong><\/span><\/p>\n<p><span style=\"font-family: arial,helvetica,sans-serif; font-size: small;\">\u00a0<\/span><\/p>\n<p><span style=\"font-family: arial,helvetica,sans-serif; font-size: small;\">Zu den Forderungen geh\u00f6rt unter anderem \u00abdie Schaffung eines digitalen \u00d6kosystems, in dem Online-Plattformen die Kreativen und ihre Partner fair an der Wertsch\u00f6pfung beteiligen, die sie mit deren vielf\u00e4ltigen Inhalten erzielen\u00bb. Die Rechte der Urheber und ihrer Partner m\u00fcssten gest\u00e4rkt werden, der Zugang zum offenen Internet und die kommunikative Chancengleichheit gew\u00e4hrleistet sein, der digitale Verbraucherschutz f\u00fcr alle Beteiligten transparent und nachvollziehbar gestaltet und Kreativit\u00e4t und Technik zusammen gedacht werden.<\/span><\/p>\n<p>\u00a0<\/p>\n<p><span style=\"font-family: arial,helvetica,sans-serif; font-size: small;\"> Dar\u00fcber hinaus solle die Chance genutzt werden, \u00abdie Errungenschaft der Pluralit\u00e4t sowie der kulturellen und sprachlichen Vielfalt in Europa selbstbewusst regulatorisch zu stabilisieren und auch im Rahmen der Weiterentwicklung des digitalen Binnenmarkts ernst zu nehmen\u00bb.<em> (cf)<\/em> <\/span><\/p>\n<p>\u00a0<\/p>\n<p><span style=\"font-family: arial,helvetica,sans-serif; font-size: small;\">Das vollst\u00e4ndige Positionspapier der DCA finden Sie unter <a href=\"http:\/\/www.deutsche-content-allianz.de\" target=\"_blank\" rel=\"noopener noreferrer\">www.deutsche-content-allianz.de<\/a>\u00a0<\/span><\/p>\n<p>\u00a0<\/p>\n","protected":false},"excerpt":{"rendered":"<p><span style=\"font-family: arial,helvetica,sans-serif; font-size: small;\">07.04.2017 &#8212; Die Deutsche Content Allianz (DCA) fordert \u00abeine zukunftsf\u00e4hige Digitale Agenda, die die Marktbedingungen und die rechtlichen Rahmenbedingungen f\u00fcr die Kultur- und Medienwirtschaft nachhaltig verbessert\u00bb.<\/span><\/p>\n","protected":false},"author":1,"featured_media":0,"comment_status":"open","ping_status":"open","sticky":false,"template":"","format":"standard","meta":{"footnotes":""},"categories":[2],"tags":[],"class_list":["post-3187","post","type-post","status-publish","format-standard","hentry","category-nachrichten","entry"],"_links":{"self":[{"href":"https:\/\/codexflores.ch\/index.php\/wp-json\/wp\/v2\/posts\/3187","targetHints":{"allow":["GET"]}}],"collection":[{"href":"https:\/\/codexflores.ch\/index.php\/wp-json\/wp\/v2\/posts"}],"about":[{"href":"https:\/\/codexflores.ch\/index.php\/wp-json\/wp\/v2\/types\/post"}],"author":[{"embeddable":true,"href":"https:\/\/codexflores.ch\/index.php\/wp-json\/wp\/v2\/users\/1"}],"replies":[{"embeddable":true,"href":"https:\/\/codexflores.ch\/index.php\/wp-json\/wp\/v2\/comments?post=3187"}],"version-history":[{"count":0,"href":"https:\/\/codexflores.ch\/index.php\/wp-json\/wp\/v2\/posts\/3187\/revisions"}],"wp:attachment":[{"href":"https:\/\/codexflores.ch\/index.php\/wp-json\/wp\/v2\/media?parent=3187"}],"wp:term":[{"taxonomy":"category","embeddable":true,"href":"https:\/\/codexflores.ch\/index.php\/wp-json\/wp\/v2\/categories?post=3187"},{"taxonomy":"post_tag","embeddable":true,"href":"https:\/\/codexflores.ch\/index.php\/wp-json\/wp\/v2\/tags?post=3187"}],"curies":[{"name":"wp","href":"https:\/\/api.w.org\/{rel}","templated":true}]}}