{"id":319,"date":"2014-01-11T07:58:11","date_gmt":"2014-01-11T07:58:11","guid":{"rendered":"https:\/\/codexflores.ch\/index.php\/2014\/01\/11\/ipod-und-der-gipfel-des-zynismus\/"},"modified":"2014-01-11T07:58:11","modified_gmt":"2014-01-11T07:58:11","slug":"ipod-und-der-gipfel-des-zynismus","status":"publish","type":"post","link":"https:\/\/codexflores.ch\/index.php\/2014\/01\/11\/ipod-und-der-gipfel-des-zynismus\/","title":{"rendered":"iPod und der Gipfel des Zynismus"},"content":{"rendered":"<p><center><em>Von Wolfgang B\u00f6hler<\/em><\/center> <\/p>\n<p><span class=\"txt-m-black\"><span class=\"txt-m-black\">\u00a0<\/span><\/span><\/p>\n<table align=\"left\">\n<tbody>\n<tr>\n<td width=\"70\"><img decoding=\"async\" src=\"http:\/\/212.60.37.143\/bilder\/kolumnewb.jpg\" border=\"0\" \/><\/td>\n<\/tr>\n<\/tbody>\n<\/table>\n<p><span class=\"txt-m-black\">08.07.2005 &#8212; Wir wollen dem Apple-Boss Steve Jobs keinerlei unlautere Absichten unterstellen. Die Tatsache, dass er einem Vater w\u00e4hrend der Vorbereitungen zur Trauerfeier f\u00fcr seinen ermordeten Sohn das Beileid ausspricht, ist ja auch kaum etwas, was man kritisieren k\u00f6nnte. Der Junge ist im Kampf um einen iPod-Musikspieler erstochen worden, und da der iPod \u2013 das angesagte Abspielger\u00e4t f\u00fcr aus dem Internet heruntergeladene Musikdateien \u2013 eines der Flaggschiffe Apples ist, l\u00e4sst sich nachvollziehen, dass Jobs ein derartiges Vorkommnis nicht kalt lassen kann.<\/p>\n<p> Wir h\u00e4tten den Apple-Chef vor einer solchen Unbedachtheit jedoch in aller Freundschaft gewarnt. W\u00e4ren wir seine PR-Berater, h\u00e4tten wir ihm von dem Unternehmen dringend abgeraten. Steve, h\u00e4tten wir gesagt (in Amerika sagen sich ja alle du), wir verstehen, h\u00e4tten wir gesagt, deinen Schmerz und die Verzweiflung dar\u00fcber, dass eines deiner besten Produkte eine solche Trag\u00f6die provozieren kann. Dennoch w\u00fcrden wir davon Abstand nehmen, w\u00e4hrend der Vorbereitungen zur Trauerfeier f\u00fcr den Ermordeten eine derartige Geste zu machen. Es k\u00f6nnte n\u00e4mlich sein, h\u00e4tten wir gesagt, dass die Weltpresse davon Wind bekommen k\u00f6nnte, und dann w\u00fcrde dein Telefongespr\u00e4ch mit dem verzweifelten Mann unglaublich zynische Z\u00fcge annehmen. Es k\u00f6nnte n\u00e4mlich sein, dass es als besonders k\u00fchl kalkulierter Werbeschachzug verstanden w\u00fcrde. Ein Ger\u00e4t, f\u00fcr das Halbw\u00fcchsige sogar bereit sind, einen Mord zu begehen? Wow, muss das ein Ding sein. <\/p>\n<p> Es k\u00f6nnte aber noch schlimmer kommen: man k\u00f6nnte dir unterstellen, dass du mit deinem Telefonanruf nach Brooklyn die Nachricht \u00fcberhaupt ins rechte Licht r\u00fccken m\u00f6chtest. Denn offenbar ist der Sechzehnj\u00e4hrige aus dem New Yorker Elendsviertel nicht bloss wegen des iPods \u00fcberfallen worden. Das Ger\u00e4tchen war bloss eines von mehreren Dingen, die ihm abgenommen wurden. M\u00f6glicherweise hatten es die Diebe ja bloss auf sein Handy abgesehen, oder auch nur auf seine Turnschuhe? Erst dein Anruf, wenn du ihn denn realisieren w\u00fcrdest, h\u00e4tten wir zu Steve gesagt, w\u00fcrde den \u00dcberfall so darstellen lassen, dass der iPod das Objekt derartig fehlgeleiteter Begierde war. <\/p>\n<p> Nun ist es aber geschehen: Eigens\u00fcchtige Journalisten haben deine aufrichtige menschliche Geste ans Tageslicht gebracht. Via Onlinedienste hat sie sich in Windeseile \u00fcber die ganze Welt verbreitet. Lieber Steve, wir w\u00fcrden dir als deine PR-Berater deshalb raten, nun als ehrlich Entr\u00fcsteter daf\u00fcr zu sorgen, dass die Welt erf\u00e4hrt, was du \u00fcber eine derartige Verletzung der Pers\u00f6nlichkeitssph\u00e4re eines trauernden Mannes denkst: Das ist doch einfach eine aus Sensationsgier geborene miserable, journalistische Fehlleistung.<\/p>\n<p> Wo ist der Respekt vor dem Mann, m\u00fcsstest du sagen, der seinen Sohn verloren hat, weil er wegen des allseits beliebten, mittlerweile millionenfach verkauften und in mehreren Farben erh\u00e4ltlichen iPods niedergestochen worden ist? Das Wissen darum, dass eine Botschaft erst beim Nachdoppeln wirklich h\u00e4ngenbleibt, wird dich zwar erst recht als Zyniker dastehen lassen. So etwas musst du aber halt in Kauf nehmen. <\/span> <span class=\"txt-m-black\">(<em>wb<\/em>)<\/span><\/p>\n<p> <center> <\/p>\n<table style=\"width: 420px;\" summary=\"linie\" border=\"0\" cellspacing=\"0\" cellpadding=\"0\">\n<tbody>\n<tr>\n<td colspan=\"9\" bgcolor=\"#666666\" height=\"1\"><img loading=\"lazy\" decoding=\"async\" src=\"http:\/\/212.60.37.143\/grafiken\/dbrown1x1.gif\" border=\"0\" width=\"1\" height=\"1\" \/><\/td>\n<\/tr>\n<\/tbody>\n<\/table>\n<p> <\/center> <\/p>\n<p><span class=\"txt-s-black\">Der Wissenschaftstheoretiker und Musikpublizist Wolfgang B\u00f6hler ist Produzent von Worldmusic- und Kammerjazz-Projekten und Chefredaktor des Codex flores Onlinemagazins<\/span><\/p>\n","protected":false},"excerpt":{"rendered":"<p>Von Wolfgang B\u00f6hler \u00a0 08.07.2005 &#8212; Wir wollen dem Apple-Boss Steve Jobs keinerlei unlautere Absichten unterstellen. Die Tatsache, dass er&#8230;<\/p>\n","protected":false},"author":1,"featured_media":0,"comment_status":"open","ping_status":"open","sticky":false,"template":"","format":"standard","meta":{"footnotes":""},"categories":[5],"tags":[],"class_list":["post-319","post","type-post","status-publish","format-standard","hentry","category-editorials","entry"],"_links":{"self":[{"href":"https:\/\/codexflores.ch\/index.php\/wp-json\/wp\/v2\/posts\/319","targetHints":{"allow":["GET"]}}],"collection":[{"href":"https:\/\/codexflores.ch\/index.php\/wp-json\/wp\/v2\/posts"}],"about":[{"href":"https:\/\/codexflores.ch\/index.php\/wp-json\/wp\/v2\/types\/post"}],"author":[{"embeddable":true,"href":"https:\/\/codexflores.ch\/index.php\/wp-json\/wp\/v2\/users\/1"}],"replies":[{"embeddable":true,"href":"https:\/\/codexflores.ch\/index.php\/wp-json\/wp\/v2\/comments?post=319"}],"version-history":[{"count":0,"href":"https:\/\/codexflores.ch\/index.php\/wp-json\/wp\/v2\/posts\/319\/revisions"}],"wp:attachment":[{"href":"https:\/\/codexflores.ch\/index.php\/wp-json\/wp\/v2\/media?parent=319"}],"wp:term":[{"taxonomy":"category","embeddable":true,"href":"https:\/\/codexflores.ch\/index.php\/wp-json\/wp\/v2\/categories?post=319"},{"taxonomy":"post_tag","embeddable":true,"href":"https:\/\/codexflores.ch\/index.php\/wp-json\/wp\/v2\/tags?post=319"}],"curies":[{"name":"wp","href":"https:\/\/api.w.org\/{rel}","templated":true}]}}