{"id":3190,"date":"2017-04-12T05:51:31","date_gmt":"2017-04-12T05:51:31","guid":{"rendered":"https:\/\/codexflores.ch\/index.php\/2017\/04\/12\/musiklandschaften-orchestergipfel-am-tag-der-musik\/"},"modified":"2017-04-12T05:51:31","modified_gmt":"2017-04-12T05:51:31","slug":"musiklandschaften-orchestergipfel-am-tag-der-musik","status":"publish","type":"post","link":"https:\/\/codexflores.ch\/index.php\/2017\/04\/12\/musiklandschaften-orchestergipfel-am-tag-der-musik\/","title":{"rendered":"\u00abMusiklandschaften: Orchestergipfel\u00bb am Tag der Musik"},"content":{"rendered":"<p><span style=\"font-family: arial,helvetica,sans-serif; font-size: small;\">12.04.2017 &#8212; Unter dem Motto \u00abMusiklandschaften: Orchestergipfel\u00bb findet in Deutschland vom 16. bis 18. Juni 2017 der Tag der Musik statt. In der Schweiz wird der Tag der Musik am 21. Juni durchgef\u00fchrt.<\/span><\/p>\n<p><span style=\"font-family: arial,helvetica,sans-serif; font-size: small;\"><strong>12.04.2017 &#8212; Unter dem Motto \u00abMusiklandschaften: Orchestergipfel\u00bb findet in Deutschland vom 16. bis 18. Juni 2017 der Tag der Musik statt. In der Schweiz wird der Tag der Musik am 21. Juni durchgef\u00fchrt.<\/strong><\/span><\/p>\n<p><span style=\"font-family: arial,helvetica,sans-serif; font-size: small;\">\u00a0<\/span><\/p>\n<p><span style=\"font-family: arial,helvetica,sans-serif; font-size: small;\">Der Tag der Musik \u2013 oder das F\u00eate de la musique, wie es in den franz\u00f6sischsprachigen Gebieten heisst \u2013 geht auf die Initiative des fr\u00fcheren franz\u00f6sischen Kulturministers Jack Lang zur\u00fcck und wird jedes Jahr am 21. Juni gefeiert. In Frankreich, Deutschland und weiteren europ\u00e4ischen L\u00e4ndern sowie in der Romandie ist der TdM\/FdM l\u00e4ngst fester Bestandteil im Jahreskalender.<\/span><\/p>\n<p><span style=\"font-family: arial,helvetica,sans-serif; font-size: small;\">\u00a0<\/span><\/p>\n<p><span style=\"font-family: arial,helvetica,sans-serif; font-size: small;\">Der deutsche Tag der Musik ist eine Initiative des gesamten deutschen Musiklebens unter dem Dach des Deutschen Musikrates. Am dritten Wochenende im Juni zeigen Ch\u00f6re, Orchester, Musik- und allgemein bildende Schulen, Opernh\u00e4user und viele andere Institutionen die Vielfalt und die Qualit\u00e4t der musikalischen Praxis im Musikland Deutschland.<em> (cf)<\/em><\/span><\/p>\n<p><span style=\"font-family: arial,helvetica,sans-serif; font-size: small;\"><strong>Mehr Infos:<\/strong><em><br \/><\/em><\/span><a href=\"http:\/\/www.musikrat.ch\/tag-der-musik\/infos\/\" target=\"_blank\" rel=\"noopener noreferrer\"><span style=\"font-family: arial,helvetica,sans-serif; font-size: small;\">http:\/\/www.musikrat.ch\/tag-der-musik\/infos\/<\/span><em><br \/><\/em><\/a><\/p>\n<p><em>\u00a0<\/em><\/p>\n","protected":false},"excerpt":{"rendered":"<p><span style=\"font-family: arial,helvetica,sans-serif; font-size: small;\">12.04.2017 &#8212; Unter dem Motto \u00abMusiklandschaften: Orchestergipfel\u00bb findet in Deutschland vom 16. bis 18. Juni 2017 der Tag der Musik statt. In der Schweiz wird der Tag der Musik am 21. Juni durchgef\u00fchrt.<\/span><\/p>\n","protected":false},"author":1,"featured_media":0,"comment_status":"open","ping_status":"open","sticky":false,"template":"","format":"standard","meta":{"footnotes":""},"categories":[2],"tags":[],"class_list":["post-3190","post","type-post","status-publish","format-standard","hentry","category-nachrichten","entry"],"_links":{"self":[{"href":"https:\/\/codexflores.ch\/index.php\/wp-json\/wp\/v2\/posts\/3190","targetHints":{"allow":["GET"]}}],"collection":[{"href":"https:\/\/codexflores.ch\/index.php\/wp-json\/wp\/v2\/posts"}],"about":[{"href":"https:\/\/codexflores.ch\/index.php\/wp-json\/wp\/v2\/types\/post"}],"author":[{"embeddable":true,"href":"https:\/\/codexflores.ch\/index.php\/wp-json\/wp\/v2\/users\/1"}],"replies":[{"embeddable":true,"href":"https:\/\/codexflores.ch\/index.php\/wp-json\/wp\/v2\/comments?post=3190"}],"version-history":[{"count":0,"href":"https:\/\/codexflores.ch\/index.php\/wp-json\/wp\/v2\/posts\/3190\/revisions"}],"wp:attachment":[{"href":"https:\/\/codexflores.ch\/index.php\/wp-json\/wp\/v2\/media?parent=3190"}],"wp:term":[{"taxonomy":"category","embeddable":true,"href":"https:\/\/codexflores.ch\/index.php\/wp-json\/wp\/v2\/categories?post=3190"},{"taxonomy":"post_tag","embeddable":true,"href":"https:\/\/codexflores.ch\/index.php\/wp-json\/wp\/v2\/tags?post=3190"}],"curies":[{"name":"wp","href":"https:\/\/api.w.org\/{rel}","templated":true}]}}