{"id":3193,"date":"2017-04-19T06:15:35","date_gmt":"2017-04-19T06:15:35","guid":{"rendered":"https:\/\/codexflores.ch\/index.php\/2017\/04\/19\/universitaet-zentralbibliothek-zuerich-uebernimmt-wagner-archiv\/"},"modified":"2017-04-19T06:15:35","modified_gmt":"2017-04-19T06:15:35","slug":"universitaet-zentralbibliothek-zuerich-uebernimmt-wagner-archiv","status":"publish","type":"post","link":"https:\/\/codexflores.ch\/index.php\/2017\/04\/19\/universitaet-zentralbibliothek-zuerich-uebernimmt-wagner-archiv\/","title":{"rendered":"Zentralbibliothek Z\u00fcrich \u00fcbernimmt Wagner-Archiv"},"content":{"rendered":"<p><span style=\"font-family: arial,helvetica,sans-serif; font-size: small;\">19.04.2017 &#8212; Anl\u00e4sslich des 70. Geburtstages Gottfried Wagners \u00fcbernimmt die Zentralbibliothek Z\u00fcrich dessen Archiv. Der Urenkel Ricard Wagners hatte sich mit der Familie seines Vaters Wolfgang Wagner \u00fcberworfen und trat \u00f6ffentlich durch die Kritik an der Verstrickung der Wagner-Familie mit dem NS-Regime hervor.<\/span><\/p>\n<p><span style=\"font-family: arial,helvetica,sans-serif; font-size: small;\"><strong>19.04.2017 &#8212; Anl\u00e4sslich des 70. Geburtstages Gottfried Wagners \u00fcbernimmt die Zentralbibliothek Z\u00fcrich dessen Archiv. Der Urenkel Ricard Wagners hatte sich mit der Familie seines Vaters Wolfgang Wagner \u00fcberworfen und trat \u00f6ffentlich durch die Kritik an der Verstrickung der Wagner-Familie mit dem NS-Regime hervor.<\/strong><\/span><\/p>\n<p><span style=\"font-family: arial,helvetica,sans-serif; font-size: small;\">\u00a0<\/span><\/p>\n<p><span style=\"font-family: arial,helvetica,sans-serif; font-size: small;\">Das Archiv sei deshalb so wichtig, weil es einen Ausgleich zu den ansonsten Pro-Bayreuth ausgerichteten Sammlungen bildet, schreibt die Bibliothek weiter. Ein wesentlicher Teil des Archivs ist laut der Mitteilung der Zentralbibliothek der umfangreiche Post-Holocaust-Diskurs, der eine Sammlung von Publikationen und Korrespondenzen von Gottfried Wagner mit der j\u00fcdischen Welt und die damit verbundenen internationalen Me dienreaktionen enth\u00e4lt.<\/span><\/p>\n<p>\u00a0<\/p>\n<p><span style=\"font-family: arial,helvetica,sans-serif; font-size: small;\">Das Archiv beinhaltet zudem Materialien zu den Themen Judentum im Kontext mit Richard Wagners Vita, Opern und Weltanschauung sowie eine umfangreiche Wagner-Rezeption mit den Schwerpunkten Antisemitismus- und Holocaustforschung, Wagner in Israel, USA, Europa, Australien, Asien und S\u00fcdafrika.<\/span><\/p>\n<p>\u00a0<\/p>\n<p><span style=\"font-family: arial,helvetica,sans-serif; font-size: small;\">Gottfried Wagner, Urenkel Richard Wagners, ist international als freiberuflicher Dozent, Autor und multimedialer Regisseur mit den Schwerpunkten europ\u00e4ische Kultur und Politik des 19. und 20. Jahrhunderts, Kurt Weill, Aldo Finzi, Richard Wagner und Franz Liszt t\u00e4tig. <em>(cf)<\/em><\/span><\/p>\n<p><span style=\"font-family: arial,helvetica,sans-serif; font-size: small;\">\u00a0<\/span><\/p>\n","protected":false},"excerpt":{"rendered":"<p><span style=\"font-family: arial,helvetica,sans-serif; font-size: small;\">19.04.2017 &#8212; Anl\u00e4sslich des 70. Geburtstages Gottfried Wagners \u00fcbernimmt die Zentralbibliothek Z\u00fcrich dessen Archiv. Der Urenkel Ricard Wagners hatte sich mit der Familie seines Vaters Wolfgang Wagner \u00fcberworfen und trat \u00f6ffentlich durch die Kritik an der Verstrickung der Wagner-Familie mit dem NS-Regime hervor.<\/span><\/p>\n","protected":false},"author":1,"featured_media":0,"comment_status":"open","ping_status":"open","sticky":false,"template":"","format":"standard","meta":{"footnotes":""},"categories":[2],"tags":[],"class_list":["post-3193","post","type-post","status-publish","format-standard","hentry","category-nachrichten","entry"],"_links":{"self":[{"href":"https:\/\/codexflores.ch\/index.php\/wp-json\/wp\/v2\/posts\/3193","targetHints":{"allow":["GET"]}}],"collection":[{"href":"https:\/\/codexflores.ch\/index.php\/wp-json\/wp\/v2\/posts"}],"about":[{"href":"https:\/\/codexflores.ch\/index.php\/wp-json\/wp\/v2\/types\/post"}],"author":[{"embeddable":true,"href":"https:\/\/codexflores.ch\/index.php\/wp-json\/wp\/v2\/users\/1"}],"replies":[{"embeddable":true,"href":"https:\/\/codexflores.ch\/index.php\/wp-json\/wp\/v2\/comments?post=3193"}],"version-history":[{"count":0,"href":"https:\/\/codexflores.ch\/index.php\/wp-json\/wp\/v2\/posts\/3193\/revisions"}],"wp:attachment":[{"href":"https:\/\/codexflores.ch\/index.php\/wp-json\/wp\/v2\/media?parent=3193"}],"wp:term":[{"taxonomy":"category","embeddable":true,"href":"https:\/\/codexflores.ch\/index.php\/wp-json\/wp\/v2\/categories?post=3193"},{"taxonomy":"post_tag","embeddable":true,"href":"https:\/\/codexflores.ch\/index.php\/wp-json\/wp\/v2\/tags?post=3193"}],"curies":[{"name":"wp","href":"https:\/\/api.w.org\/{rel}","templated":true}]}}