{"id":3202,"date":"2017-05-01T11:38:11","date_gmt":"2017-05-01T11:38:11","guid":{"rendered":"https:\/\/codexflores.ch\/index.php\/2017\/05\/01\/enede-der-aera-bostock-bei-argovia-philharmonic\/"},"modified":"2017-05-01T11:38:11","modified_gmt":"2017-05-01T11:38:11","slug":"enede-der-aera-bostock-bei-argovia-philharmonic","status":"publish","type":"post","link":"https:\/\/codexflores.ch\/index.php\/2017\/05\/01\/enede-der-aera-bostock-bei-argovia-philharmonic\/","title":{"rendered":"Ende der \u00c4ra Bostock bei Argovia philharmonic"},"content":{"rendered":"<p><span style=\"font-family: arial,helvetica,sans-serif; font-size: small;\">01.05.2017 &#8212; Noch bis Ende Saison 2018\/19, dann ist endg\u00fcltig Schluss: Argovia philharmonic verl\u00e4ngert den in der Saison 2017\/18 auslaufenden Vertrag mit seinem Chefdirigenten Douglas Bostock um ein weiteres Jahr. Zugleich erkl\u00e4rt Bostock, dass die Saison 2018\/19 bei dem Aargauer Ensemble definitiv seine letzte sein wird.<\/span><\/p>\n<p><span style=\"font-family: arial,helvetica,sans-serif; font-size: small;\"><strong>01.05.2017 &#8212; Noch bis Ende Saison 2018\/19, dann ist endg\u00fcltig Schluss: Argovia philharmonic verl\u00e4ngert den in der Saison 2017\/18 auslaufenden Vertrag mit seinem Chefdirigenten Douglas Bostock um ein weiteres Jahr. Zugleich erkl\u00e4rt Bostock, dass die Saison 2018\/19 bei dem Aargauer Ensemble definitiv seine letzte sein wird.<\/strong><\/span><\/p>\n<p><span style=\"font-family: arial,helvetica,sans-serif; font-size: small;\">\u00a0<\/span><\/p>\n<p><span style=\"font-family: arial,helvetica,sans-serif; font-size: small;\">Douglas Bostock dirigierte das &#8211; damals noch als Aargauer Symphonie Orchester ASO agierende &#8211; Orchester 1989 zum ersten Mal als Gastdirigent, und 1991 ein weiteres Mal. Zehn Jahre sp\u00e4ter wurde er, nach dem R\u00fccktritt des damaligen Chefdirigenten R\u00e4to Tschupp, zu dessen Nachfolger berufen.\u00a0<\/span><\/p>\n<p><span style=\"font-family: arial,helvetica,sans-serif; font-size: small;\">\u00a0<\/span><\/p>\n<p><span style=\"font-family: arial,helvetica,sans-serif; font-size: small;\">Der Vorstand des argovia philharmonic und Intendant Christian Weidmann werden \u00abdie notwendigen Massnahmen treffen, um zum gegebenen Zeitpunkt einen Nachfolger ernennen zu k\u00f6nnen, der die erfolgreiche Arbeit von Douglas Bostock ebenso erfolgreich weiterf\u00fchren wird\u00bb. <em>(cf)<\/em><\/span><\/p>\n","protected":false},"excerpt":{"rendered":"<p><span style=\"font-family: arial,helvetica,sans-serif; font-size: small;\">01.05.2017 &#8212; Noch bis Ende Saison 2018\/19, dann ist endg\u00fcltig Schluss: Argovia philharmonic verl\u00e4ngert den in der Saison 2017\/18 auslaufenden Vertrag mit seinem Chefdirigenten Douglas Bostock um ein weiteres Jahr. Zugleich erkl\u00e4rt Bostock, dass die Saison 2018\/19 bei dem Aargauer Ensemble definitiv seine letzte sein wird.<\/span><\/p>\n","protected":false},"author":1,"featured_media":0,"comment_status":"open","ping_status":"open","sticky":false,"template":"","format":"standard","meta":{"footnotes":""},"categories":[2],"tags":[],"class_list":["post-3202","post","type-post","status-publish","format-standard","hentry","category-nachrichten","entry"],"_links":{"self":[{"href":"https:\/\/codexflores.ch\/index.php\/wp-json\/wp\/v2\/posts\/3202","targetHints":{"allow":["GET"]}}],"collection":[{"href":"https:\/\/codexflores.ch\/index.php\/wp-json\/wp\/v2\/posts"}],"about":[{"href":"https:\/\/codexflores.ch\/index.php\/wp-json\/wp\/v2\/types\/post"}],"author":[{"embeddable":true,"href":"https:\/\/codexflores.ch\/index.php\/wp-json\/wp\/v2\/users\/1"}],"replies":[{"embeddable":true,"href":"https:\/\/codexflores.ch\/index.php\/wp-json\/wp\/v2\/comments?post=3202"}],"version-history":[{"count":0,"href":"https:\/\/codexflores.ch\/index.php\/wp-json\/wp\/v2\/posts\/3202\/revisions"}],"wp:attachment":[{"href":"https:\/\/codexflores.ch\/index.php\/wp-json\/wp\/v2\/media?parent=3202"}],"wp:term":[{"taxonomy":"category","embeddable":true,"href":"https:\/\/codexflores.ch\/index.php\/wp-json\/wp\/v2\/categories?post=3202"},{"taxonomy":"post_tag","embeddable":true,"href":"https:\/\/codexflores.ch\/index.php\/wp-json\/wp\/v2\/tags?post=3202"}],"curies":[{"name":"wp","href":"https:\/\/api.w.org\/{rel}","templated":true}]}}