{"id":3205,"date":"2017-05-02T06:23:56","date_gmt":"2017-05-02T06:23:56","guid":{"rendered":"https:\/\/codexflores.ch\/index.php\/2017\/05\/02\/reto-schaerli-stipendiat-des-deutschen-dirigentenforums\/"},"modified":"2017-05-02T06:23:56","modified_gmt":"2017-05-02T06:23:56","slug":"reto-schaerli-stipendiat-des-deutschen-dirigentenforums","status":"publish","type":"post","link":"https:\/\/codexflores.ch\/index.php\/2017\/05\/02\/reto-schaerli-stipendiat-des-deutschen-dirigentenforums\/","title":{"rendered":"Reto Sch\u00e4rli Stipendiat des Deutschen Dirigentenforums"},"content":{"rendered":"<p><span style=\"font-family: arial,helvetica,sans-serif; font-size: small;\">02.05.2017 &#8212; Die Z\u00fcrcher Hochschule der K\u00fcnste stellt mit ihrem Studenten Reto Sch\u00e4rli einen der f\u00fcnf neuen Stipendiaten des Dirigentenforums des Deutschen Musikrates. Insgesamt 71 junge Dirigentinnen und Dirigenten bewarben sich um Aufnahme im Fach Orchester- oder Chordirigieren.<\/span><\/p>\n<p><span style=\"font-family: arial,helvetica,sans-serif; font-size: small;\"><strong>02.05.2017 &#8212; Die Z\u00fcrcher Hochschule der K\u00fcnste stellt mit ihrem Studenten Reto Sch\u00e4rli einen der f\u00fcnf neuen Stipendiaten des Dirigentenforums des Deutschen Musikrates. Insgesamt 71 junge Dirigentinnen und Dirigenten bewarben sich um Aufnahme<span style=\"font-family: arial,helvetica,sans-serif; font-size: small;\"> im Fach Orchester- oder Chordirigieren.<\/span><\/strong><\/span><\/p>\n<p><span style=\"font-family: arial,helvetica,sans-serif; font-size: small;\">\u00a0<\/span><\/p>\n<p><span style=\"font-family: arial,helvetica,sans-serif; font-size: small;\">Die weiteren Orchester-Stipendiaten sind Valentin Egel (Hochschule f\u00fcr Musik \u00abFranz Liszt\u00bb Weimar), Felix Mildenberger (freiberuflicher Dirigent), Davide Perniceni (Theater und Orchester Heidelberg) und Gabriel Venzago (Hochschule f\u00fcr Musik und Theater M\u00fcnchen).<\/span><\/p>\n<p><span style=\"font-family: arial,helvetica,sans-serif; font-size: small;\">\u00a0<\/span><\/p>\n<p><span style=\"font-family: arial,helvetica,sans-serif; font-size: small;\">F\u00fcr den F\u00f6rderzweig Chordirigieren wurden 3 von 15 Bewerberinnen und Bewerber in die F\u00f6rderung aufgenommen: Julia Selina Blank (Norwegische Musikhochschule Oslo), Johannes Eppelein (Hochschule f\u00fcr Musik und Theater M\u00fcnchen) und Franziska Kuba (Hochschule f\u00fcr Musik und Theater \u00abFelix Mendelssohn Bartholdy\u00bb Leipzig). <em>(cf)<\/em><\/span><\/p>\n","protected":false},"excerpt":{"rendered":"<p><span style=\"font-family: arial,helvetica,sans-serif; font-size: small;\">02.05.2017 &#8212; Die Z\u00fcrcher Hochschule der K\u00fcnste stellt mit ihrem Studenten Reto Sch\u00e4rli einen der f\u00fcnf neuen Stipendiaten des Dirigentenforums des Deutschen Musikrates. Insgesamt 71 junge Dirigentinnen und Dirigenten bewarben sich um Aufnahme im Fach Orchester- oder Chordirigieren.<\/span><\/p>\n","protected":false},"author":1,"featured_media":0,"comment_status":"open","ping_status":"open","sticky":false,"template":"","format":"standard","meta":{"footnotes":""},"categories":[2],"tags":[],"class_list":["post-3205","post","type-post","status-publish","format-standard","hentry","category-nachrichten","entry"],"_links":{"self":[{"href":"https:\/\/codexflores.ch\/index.php\/wp-json\/wp\/v2\/posts\/3205","targetHints":{"allow":["GET"]}}],"collection":[{"href":"https:\/\/codexflores.ch\/index.php\/wp-json\/wp\/v2\/posts"}],"about":[{"href":"https:\/\/codexflores.ch\/index.php\/wp-json\/wp\/v2\/types\/post"}],"author":[{"embeddable":true,"href":"https:\/\/codexflores.ch\/index.php\/wp-json\/wp\/v2\/users\/1"}],"replies":[{"embeddable":true,"href":"https:\/\/codexflores.ch\/index.php\/wp-json\/wp\/v2\/comments?post=3205"}],"version-history":[{"count":0,"href":"https:\/\/codexflores.ch\/index.php\/wp-json\/wp\/v2\/posts\/3205\/revisions"}],"wp:attachment":[{"href":"https:\/\/codexflores.ch\/index.php\/wp-json\/wp\/v2\/media?parent=3205"}],"wp:term":[{"taxonomy":"category","embeddable":true,"href":"https:\/\/codexflores.ch\/index.php\/wp-json\/wp\/v2\/categories?post=3205"},{"taxonomy":"post_tag","embeddable":true,"href":"https:\/\/codexflores.ch\/index.php\/wp-json\/wp\/v2\/tags?post=3205"}],"curies":[{"name":"wp","href":"https:\/\/api.w.org\/{rel}","templated":true}]}}