{"id":3207,"date":"2017-05-04T05:49:43","date_gmt":"2017-05-04T05:49:43","guid":{"rendered":"https:\/\/codexflores.ch\/index.php\/2017\/05\/04\/the-management-symphony-gastiert-in-zuerich\/"},"modified":"2017-05-04T05:49:43","modified_gmt":"2017-05-04T05:49:43","slug":"the-management-symphony-gastiert-in-zuerich","status":"publish","type":"post","link":"https:\/\/codexflores.ch\/index.php\/2017\/05\/04\/the-management-symphony-gastiert-in-zuerich\/","title":{"rendered":"\u00abThe Management Symphony\u00bb gastiert in Z\u00fcrich"},"content":{"rendered":"<p><span style=\"font-family: arial,helvetica,sans-serif; font-size: small;\">04.05.2017 &#8212; Einmal j\u00e4hrlich treffen sich F\u00fchrungskr\u00e4fte der europ\u00e4ischen Wirtschaft, um gemeinsam mit Profi-Musikern aus Weltklasse-Orchestern ein anspruchsvolles Repertoire einzustudieren. Nun ist dieses Werkstatt-Projekt erstmals in der Schweiz zu Gast \u2013 mit Schweizer Beteiligung.<\/span><\/p>\n<p><span style=\"font-family: arial,helvetica,sans-serif; font-size: small;\"><strong>04.05.2017 &#8212; Einmal j\u00e4hrlich treffen sich F\u00fchrungskr\u00e4fte der europ\u00e4ischen Wirtschaft, um gemeinsam mit Profi-Musikern aus Weltklasse-Orchestern ein anspruchsvolles Repertoire einzustudieren. Nun ist dieses Werkstatt-Projekt erstmals in der Schweiz zu Gast \u2013 mit Schweizer Beteiligung.<\/strong><\/span><\/p>\n<p><span style=\"font-family: arial,helvetica,sans-serif; font-size: small;\">\u00a0<\/span><\/p>\n<p><span style=\"font-family: arial,helvetica,sans-serif; font-size: small;\">Gastgeber ist das Tonhalle-Orchester Z\u00fcrich, die Probenarbeit und das Konzert am 18. Juni leitet Chefdirigent und Musikalischer Leiter Lionel Bringuier. Musikerinnen und Musiker des Tonhalle-Orchesters \u00fcbernehmen die Registerproben und die Stimmf\u00fchrung in Proben und Konzert. Auf dem Programm steht die Sinfonie Nr. 6 \u00abPath\u00e9tique\u00bb in h-Moll op. 7 von Pjotr I. Tschaikowsky. Der Konzerterl\u00f6s kommt Superar Suisse zugute.<\/span><\/p>\n<p>\u00a0<\/p>\n<p><span style=\"font-family: arial,helvetica,sans-serif; font-size: small;\">\u00abThe Management Symphony\u00bb wurde 1999 am Gewandhaus zu Leipzig von den Unternehmensberatern Peter Gartiser und Nicolaus Steenken sowie von Gewandhausdirektor Andreas Schulz gegr\u00fcndet und erarbeitete seither seine Programme mit namhaften Dirigenten und deren Orchestern wie dem Gewandhausorchester unter Herbert Blomstedt, Riccardo Chailly, Markus Stenz, Andr\u00e9s Orozco-Estrada, den Essener Philharmonikern unter Tom\u00e1\u0161 Netopil, den Bamberger Symphonikern unter Jonathan Nott und Lionel Bringuier.<em> (cf)<\/em><\/span><\/p>\n","protected":false},"excerpt":{"rendered":"<p><span style=\"font-family: arial,helvetica,sans-serif; font-size: small;\">04.05.2017 &#8212; Einmal j\u00e4hrlich treffen sich F\u00fchrungskr\u00e4fte der europ\u00e4ischen Wirtschaft, um gemeinsam mit Profi-Musikern aus Weltklasse-Orchestern ein anspruchsvolles Repertoire einzustudieren. Nun ist dieses Werkstatt-Projekt erstmals in der Schweiz zu Gast \u2013 mit Schweizer Beteiligung.<\/span><\/p>\n","protected":false},"author":1,"featured_media":0,"comment_status":"open","ping_status":"open","sticky":false,"template":"","format":"standard","meta":{"footnotes":""},"categories":[2],"tags":[],"class_list":["post-3207","post","type-post","status-publish","format-standard","hentry","category-nachrichten","entry"],"_links":{"self":[{"href":"https:\/\/codexflores.ch\/index.php\/wp-json\/wp\/v2\/posts\/3207","targetHints":{"allow":["GET"]}}],"collection":[{"href":"https:\/\/codexflores.ch\/index.php\/wp-json\/wp\/v2\/posts"}],"about":[{"href":"https:\/\/codexflores.ch\/index.php\/wp-json\/wp\/v2\/types\/post"}],"author":[{"embeddable":true,"href":"https:\/\/codexflores.ch\/index.php\/wp-json\/wp\/v2\/users\/1"}],"replies":[{"embeddable":true,"href":"https:\/\/codexflores.ch\/index.php\/wp-json\/wp\/v2\/comments?post=3207"}],"version-history":[{"count":0,"href":"https:\/\/codexflores.ch\/index.php\/wp-json\/wp\/v2\/posts\/3207\/revisions"}],"wp:attachment":[{"href":"https:\/\/codexflores.ch\/index.php\/wp-json\/wp\/v2\/media?parent=3207"}],"wp:term":[{"taxonomy":"category","embeddable":true,"href":"https:\/\/codexflores.ch\/index.php\/wp-json\/wp\/v2\/categories?post=3207"},{"taxonomy":"post_tag","embeddable":true,"href":"https:\/\/codexflores.ch\/index.php\/wp-json\/wp\/v2\/tags?post=3207"}],"curies":[{"name":"wp","href":"https:\/\/api.w.org\/{rel}","templated":true}]}}