{"id":3211,"date":"2017-05-08T05:31:59","date_gmt":"2017-05-08T05:31:59","guid":{"rendered":"https:\/\/codexflores.ch\/index.php\/2017\/05\/08\/karel-mark-chichon-tritt-aus-protest-vorzeitig-zurueck\/"},"modified":"2017-05-08T05:31:59","modified_gmt":"2017-05-08T05:31:59","slug":"karel-mark-chichon-tritt-aus-protest-vorzeitig-zurueck","status":"publish","type":"post","link":"https:\/\/codexflores.ch\/index.php\/2017\/05\/08\/karel-mark-chichon-tritt-aus-protest-vorzeitig-zurueck\/","title":{"rendered":"Karel Mark Chichon tritt aus Protest vorzeitig zur\u00fcck"},"content":{"rendered":"<p><span style=\"font-family: arial,helvetica,sans-serif; font-size: small;\">08.05.2017 &#8212; Mit einer Symbolhandlung \u2013 einem sofortigen R\u00fccktritt drei Monate vor dem ohnehin vorgesehenen Abgang \u2013 macht Karel Mark Chichon als Noch-Chef der Deutschen Radio Philharmonie (DRP) Saarbr\u00fccken Kaiserslautern, auf die schwierige Lage des Orchesters aufmerksam.<\/span><\/p>\n<p><span style=\"font-family: arial,helvetica,sans-serif; font-size: small;\"><strong>08.05.2017 &#8212; Mit einer Symbolhandlung \u2013 einem sofortigen R\u00fccktritt drei Monate vor dem ohnehin vorgesehenen Abgang \u2013 macht Karel Mark Chichon als Noch-Chef der Deutschen Radio Philharmonie (DRP) Saarbr\u00fccken Kaiserslautern, auf die schwierige Lage des Orchesters aufmerksam.<\/strong><\/span><\/p>\n<p><span style=\"font-family: arial,helvetica,sans-serif; font-size: small;\">\u00a0<\/span><\/p>\n<p><span style=\"font-family: arial,helvetica,sans-serif; font-size: small;\">In einem Brief an den Saarl\u00e4ndischen Rundfunk begr\u00fcndete Chichon seinen Schritt laut dem Sender mit den in der vergangenen Woche f\u00fcr 2019 angek\u00fcndigten K\u00fcrzungen im Orchesterbudget. Der SR beabsichtigt aufgrund zu geringer Beitragseinnahmen im Rahmen eines gr\u00f6sseren Sparpakets auch etwa 100&#8217;000 Euro bei der DRP einzusparen.<\/span><\/p>\n<p><span style=\"font-family: arial,helvetica,sans-serif; font-size: small;\">\u00a0<\/span><\/p>\n<p><span style=\"font-family: arial,helvetica,sans-serif; font-size: small;\">Der Nachfolger Chichons wurde bereits im vergangenen Jahr vorgestellt. Ab der kommenden Spielzeit 2017\/18 wird der Finne Pietari Inkinen das Amt des Chefdirigenten der DRP \u00fcbernehmen. <em>(cf)<\/em><\/span><\/p>\n","protected":false},"excerpt":{"rendered":"<p><span style=\"font-family: arial,helvetica,sans-serif; font-size: small;\">08.05.2017 &#8212; Mit einer Symbolhandlung \u2013 einem sofortigen R\u00fccktritt drei Monate vor dem ohnehin vorgesehenen Abgang \u2013 macht Karel Mark Chichon als Noch-Chef der Deutschen Radio Philharmonie (DRP) Saarbr\u00fccken Kaiserslautern, auf die schwierige Lage des Orchesters aufmerksam.<\/span><\/p>\n","protected":false},"author":1,"featured_media":0,"comment_status":"open","ping_status":"open","sticky":false,"template":"","format":"standard","meta":{"footnotes":""},"categories":[2],"tags":[],"class_list":["post-3211","post","type-post","status-publish","format-standard","hentry","category-nachrichten","entry"],"_links":{"self":[{"href":"https:\/\/codexflores.ch\/index.php\/wp-json\/wp\/v2\/posts\/3211","targetHints":{"allow":["GET"]}}],"collection":[{"href":"https:\/\/codexflores.ch\/index.php\/wp-json\/wp\/v2\/posts"}],"about":[{"href":"https:\/\/codexflores.ch\/index.php\/wp-json\/wp\/v2\/types\/post"}],"author":[{"embeddable":true,"href":"https:\/\/codexflores.ch\/index.php\/wp-json\/wp\/v2\/users\/1"}],"replies":[{"embeddable":true,"href":"https:\/\/codexflores.ch\/index.php\/wp-json\/wp\/v2\/comments?post=3211"}],"version-history":[{"count":0,"href":"https:\/\/codexflores.ch\/index.php\/wp-json\/wp\/v2\/posts\/3211\/revisions"}],"wp:attachment":[{"href":"https:\/\/codexflores.ch\/index.php\/wp-json\/wp\/v2\/media?parent=3211"}],"wp:term":[{"taxonomy":"category","embeddable":true,"href":"https:\/\/codexflores.ch\/index.php\/wp-json\/wp\/v2\/categories?post=3211"},{"taxonomy":"post_tag","embeddable":true,"href":"https:\/\/codexflores.ch\/index.php\/wp-json\/wp\/v2\/tags?post=3211"}],"curies":[{"name":"wp","href":"https:\/\/api.w.org\/{rel}","templated":true}]}}