{"id":3215,"date":"2017-05-11T05:41:59","date_gmt":"2017-05-11T05:41:59","guid":{"rendered":"https:\/\/codexflores.ch\/index.php\/2017\/05\/11\/filarmonica-joven-de-colombia-auf-europatournee\/"},"modified":"2017-05-11T05:41:59","modified_gmt":"2017-05-11T05:41:59","slug":"filarmonica-joven-de-colombia-auf-europatournee","status":"publish","type":"post","link":"https:\/\/codexflores.ch\/index.php\/2017\/05\/11\/filarmonica-joven-de-colombia-auf-europatournee\/","title":{"rendered":"Filarm\u00f3nica Joven de Colombia auf Europatournee"},"content":{"rendered":"<p><span style=\"font-family: arial,helvetica,sans-serif; font-size: small;\">11.05.2017 &#8212; Sie ist erstmals in Europa zu erleben: Vom 27. Juni bis 6. Juli wird die Filarm\u00f3nica Joven de Colombia (Colombian Youth Philharmonic) unter Leitung von Andr\u00e9s Orozco-Estrada in \u00d6sterreich und Deutschland acht Konzerte bestreiten.<\/span><\/p>\n<p><span style=\"font-family: arial,helvetica,sans-serif; font-size: small;\"><strong>11.05.2017 &#8212; Sie ist erstmals in Europa zu erleben: Vom 27. Juni bis 6. Juli wird die Filarm\u00f3nica Joven de Colombia (Colombian Youth Philharmonic) unter Leitung von Andr\u00e9s Orozco-Estrada in \u00d6sterreich und Deutschland acht Konzerte bestreiten.<\/strong><\/span><\/p>\n<p><span style=\"font-family: arial,helvetica,sans-serif; font-size: small;\">\u00a0<\/span><\/p>\n<p><span style=\"font-family: arial,helvetica,sans-serif; font-size: small;\">Das 2010 von der Stiftung \u00abFundaci\u00f3n Bol\u00edvar Davivienda\u00bb gegr\u00fcndete und finanzierte Jugendorchester w\u00e4hlt seine rund hundert Mitglieder mit Hilfe einer internationalen Jury aus. Geschult werden sie in Workshops mit Musikern der Wiener Philharmoniker, des Mahler Chamber Orchestra, der Houston Symphony und weiterer Orchester. Vor ihrer ersten Europa-Tournee werden die kolumbianischen Talente unter anderem von Musikern des hr-Sinfonieorchesters Frankfurt vorbereitet. <\/span><\/p>\n<p><span style=\"font-family: arial,helvetica,sans-serif; font-size: small;\">\u00a0<\/span><\/p>\n<p><span style=\"font-family: arial,helvetica,sans-serif; font-size: small;\">Mit Programmen aus traditionellem Repertoire und Werken lateinamerikanischer Komponisten werden sie unter anderem beim Rheingau Musik Festival, den Festspielen Mecklenburg Vorpommern, bei der styriarte in Graz, in Berlin und Stuttgart ihre musikalische Visitenkarte hinterlassen. Zu den Solisten, die sie begleiten, geh\u00f6ren die Cellisten Daniel M\u00fcller-Schott und Claudio Boh\u00f3rquez sowie die kolumbianische Sopranistin Juanita Lascarro. In Wiesbaden, Berlin und Graz pr\u00e4sentiert das Orchester ein eigenes visuelles Konzept zu Strawinskys \u00abSacre du Printemps\u00bb unter Anleitung ihres Mentors und Dirigenten Andr\u00e9s Orozco-Estrada. <em>(cf)<\/em><\/span><\/p>\n<p><span style=\"font-family: arial,helvetica,sans-serif; font-size: small;\"><strong><br \/>Mehr Infos:<\/strong> <\/span><a href=\"http:\/\/www.fundacionbolivardavivienda.org\/filarmonicajovendecolombia\/\" target=\"_blank\" rel=\"noopener noreferrer\"><span style=\"font-family: arial,helvetica,sans-serif; font-size: small;\">www.fundacionbolivardavivienda.org\/filarmonicajovendecolombia\/<\/span><em><br \/><\/em><\/a><\/p>\n<p>\u00a0<\/p>\n","protected":false},"excerpt":{"rendered":"<p><span style=\"font-family: arial,helvetica,sans-serif; font-size: small;\">11.05.2017 &#8212; Sie ist erstmals in Europa zu erleben: Vom 27. Juni bis 6. Juli wird die Filarm\u00f3nica Joven de Colombia (Colombian Youth Philharmonic) unter Leitung von Andr\u00e9s Orozco-Estrada in \u00d6sterreich und Deutschland acht Konzerte bestreiten.<\/span><\/p>\n","protected":false},"author":1,"featured_media":0,"comment_status":"open","ping_status":"open","sticky":false,"template":"","format":"standard","meta":{"footnotes":""},"categories":[2],"tags":[],"class_list":["post-3215","post","type-post","status-publish","format-standard","hentry","category-nachrichten","entry"],"_links":{"self":[{"href":"https:\/\/codexflores.ch\/index.php\/wp-json\/wp\/v2\/posts\/3215","targetHints":{"allow":["GET"]}}],"collection":[{"href":"https:\/\/codexflores.ch\/index.php\/wp-json\/wp\/v2\/posts"}],"about":[{"href":"https:\/\/codexflores.ch\/index.php\/wp-json\/wp\/v2\/types\/post"}],"author":[{"embeddable":true,"href":"https:\/\/codexflores.ch\/index.php\/wp-json\/wp\/v2\/users\/1"}],"replies":[{"embeddable":true,"href":"https:\/\/codexflores.ch\/index.php\/wp-json\/wp\/v2\/comments?post=3215"}],"version-history":[{"count":0,"href":"https:\/\/codexflores.ch\/index.php\/wp-json\/wp\/v2\/posts\/3215\/revisions"}],"wp:attachment":[{"href":"https:\/\/codexflores.ch\/index.php\/wp-json\/wp\/v2\/media?parent=3215"}],"wp:term":[{"taxonomy":"category","embeddable":true,"href":"https:\/\/codexflores.ch\/index.php\/wp-json\/wp\/v2\/categories?post=3215"},{"taxonomy":"post_tag","embeddable":true,"href":"https:\/\/codexflores.ch\/index.php\/wp-json\/wp\/v2\/tags?post=3215"}],"curies":[{"name":"wp","href":"https:\/\/api.w.org\/{rel}","templated":true}]}}