{"id":3219,"date":"2017-05-16T05:57:47","date_gmt":"2017-05-16T05:57:47","guid":{"rendered":"https:\/\/codexflores.ch\/index.php\/2017\/05\/16\/froest-wird-chefdirigent-des-swedish-chamber-orchestra\/"},"modified":"2017-05-16T05:57:47","modified_gmt":"2017-05-16T05:57:47","slug":"froest-wird-chefdirigent-des-swedish-chamber-orchestra","status":"publish","type":"post","link":"https:\/\/codexflores.ch\/index.php\/2017\/05\/16\/froest-wird-chefdirigent-des-swedish-chamber-orchestra\/","title":{"rendered":"Fr\u00f6st wird Chefdirigent des Swedish Chamber Orchestra"},"content":{"rendered":"<p><span style=\"font-family: arial,helvetica,sans-serif; font-size: small;\">16.05.2017 &#8212; Der Klarinettist Martin Fr\u00f6st wird mit der Saison 2019\/20 f\u00fcr vorerst drei Jahre Chefdirigent des Swedish Chamber Orchestra. Er folgt in dem Amt auf Thomas Dausgaard, der das Ensemble seit 1997 geleitet hat und zum Ehrendirigent ernannt wird.<\/span><\/p>\n<p><span style=\"font-family: arial,helvetica,sans-serif; font-size: small;\"><strong>16.05.2017 &#8212; Der Klarinettist Martin Fr\u00f6st wird mit der Saison 2019\/20 f\u00fcr vorerst drei Jahre Chefdirigent des Swedish Chamber Orchestra. Er folgt in dem Amt auf Thomas Dausgaard, der das Ensemble seit 1997 geleitet hat und zum Ehrendirigent ernannt wird.<\/strong><\/span><\/p>\n<p>\u00a0<\/p>\n<p><span style=\"font-family: arial,helvetica,sans-serif; font-size: small;\">Der 1970 geborene Klarinettist Fr\u00f6st gewann im Mai 2014 als erster Klarinettist den L\u00e9onie-Sonning-Musikpreis, eine der bedeutendsten Musikauszeichnungen der Welt.<\/span><\/p>\n<p>\u00a0<\/p>\n<p><span style=\"font-family: arial,helvetica,sans-serif; font-size: small;\">Fr\u00f6st deb\u00fctierte in der Spielzeit 2014\/15 unter Herbert Blomstedt beim Tonhalle Orchester Z\u00fcrich und unter Neeme J\u00e4rvi beim Orchestre de la Suisse Romande. Er konzertiert auch regelm\u00e4ssig mit der in der Schweiz lebenden Cellistin Sol Gabetta. <em>(cf)<\/em><\/span><\/p>\n","protected":false},"excerpt":{"rendered":"<p><span style=\"font-family: arial,helvetica,sans-serif; font-size: small;\">16.05.2017 &#8212; Der Klarinettist Martin Fr\u00f6st wird mit der Saison 2019\/20 f\u00fcr vorerst drei Jahre Chefdirigent des Swedish Chamber Orchestra. Er folgt in dem Amt auf Thomas Dausgaard, der das Ensemble seit 1997 geleitet hat und zum Ehrendirigent ernannt wird.<\/span><\/p>\n","protected":false},"author":1,"featured_media":0,"comment_status":"open","ping_status":"open","sticky":false,"template":"","format":"standard","meta":{"footnotes":""},"categories":[2],"tags":[],"class_list":["post-3219","post","type-post","status-publish","format-standard","hentry","category-nachrichten","entry"],"_links":{"self":[{"href":"https:\/\/codexflores.ch\/index.php\/wp-json\/wp\/v2\/posts\/3219","targetHints":{"allow":["GET"]}}],"collection":[{"href":"https:\/\/codexflores.ch\/index.php\/wp-json\/wp\/v2\/posts"}],"about":[{"href":"https:\/\/codexflores.ch\/index.php\/wp-json\/wp\/v2\/types\/post"}],"author":[{"embeddable":true,"href":"https:\/\/codexflores.ch\/index.php\/wp-json\/wp\/v2\/users\/1"}],"replies":[{"embeddable":true,"href":"https:\/\/codexflores.ch\/index.php\/wp-json\/wp\/v2\/comments?post=3219"}],"version-history":[{"count":0,"href":"https:\/\/codexflores.ch\/index.php\/wp-json\/wp\/v2\/posts\/3219\/revisions"}],"wp:attachment":[{"href":"https:\/\/codexflores.ch\/index.php\/wp-json\/wp\/v2\/media?parent=3219"}],"wp:term":[{"taxonomy":"category","embeddable":true,"href":"https:\/\/codexflores.ch\/index.php\/wp-json\/wp\/v2\/categories?post=3219"},{"taxonomy":"post_tag","embeddable":true,"href":"https:\/\/codexflores.ch\/index.php\/wp-json\/wp\/v2\/tags?post=3219"}],"curies":[{"name":"wp","href":"https:\/\/api.w.org\/{rel}","templated":true}]}}