{"id":3220,"date":"2017-05-17T06:01:58","date_gmt":"2017-05-17T06:01:58","guid":{"rendered":"https:\/\/codexflores.ch\/index.php\/2017\/05\/17\/bundesamt-fuer-kultur-vergibt-musikpreise-2017\/"},"modified":"2017-05-17T06:01:58","modified_gmt":"2017-05-17T06:01:58","slug":"bundesamt-fuer-kultur-vergibt-musikpreise-2017","status":"publish","type":"post","link":"https:\/\/codexflores.ch\/index.php\/2017\/05\/17\/bundesamt-fuer-kultur-vergibt-musikpreise-2017\/","title":{"rendered":"Bundesamt f\u00fcr Kultur vergibt Musikpreise 2017"},"content":{"rendered":"<p><span style=\"font-family: arial,helvetica,sans-serif; font-size: small;\">17.05.2017 &#8212; Das Bundesamt f\u00fcr Kultur BAK hat 15 Musikschaffende aus unterschiedlichen Musiksparten mit dem Schweizer Musikpreis 2017 ausgezeichnet. Der Schweizer Grand Prix Musik wird am 22. September 2017 an der Preisverleihung in der Kaserne Basel vergeben.<\/span><\/p>\n<p>\u00a0<\/p>\n<p><span style=\"font-family: arial,helvetica,sans-serif; font-size: small;\"><strong>17.05.2017 &#8212; Das Bundesamt f\u00fcr Kultur BAK hat 15 Musikschaffende aus unterschiedlichen Musiksparten mit dem Schweizer Musikpreis 2017 ausgezeichnet. Der Schweizer Grand Prix Musik wird am 22. September 2017 an der Preisverleihung in der Kaserne Basel vergeben.<\/strong><\/span><\/p>\n<p>\u00a0<\/p>\n<p><span style=\"font-family: arial,helvetica,sans-serif; font-size: small;\">Die Preistr\u00e4gerinnen und Preistr\u00e4ger des Schweizer Musikpreises 2017 sind: Pascal Auberson (Lausanne), Andres Bosshard (Z\u00fcrich), Albin Brun (Luzern), Christophe Calpini (Longirod), Elina Duni (Z\u00fcrich), Vera Kappeler (Haldenstein), J\u00fcrg Kienberger (Winterthur &amp; St.Louis), Patricia Kopatchinskaja (Bern), Gr\u00e9goire Maret (New York), Jojo Mayer (New York), Peter Scherer (Z\u00fcrich), Endo Anaconda (Fankhaus-Trub), T\u00f6bi Tobler (Wittenbach), Helena Winkelman (Basel) und J\u00fcrg Wyttenbach (Basel).<\/span><\/p>\n<p>\u00a0<\/p>\n<p><span style=\"font-family: arial,helvetica,sans-serif; font-size: small;\">Ziel des Schweizer Musikpreises ist, \u00abherausragendes und innovatives schweizerisches Musikschaffen zu w\u00fcrdigen und ins Licht der \u00d6ffentlichkeit zu r\u00fccken\u00bb. Von Jazz \u00fcber zeitgen\u00f6ssische Musik, Chanson und klassische Musik bis hin zu Film-, Volks- und Improvisationsmusik widerspiegelt der Preis laut BAK \u00abdas hervorragende und vielf\u00e4ltige Spektrum des Musikschaffens in der Schweiz\u00bb. <em>(cf)<\/em><\/span><\/p>\n","protected":false},"excerpt":{"rendered":"<p><span style=\"font-family: arial,helvetica,sans-serif; font-size: small;\">17.05.2017 &#8212; Das Bundesamt f\u00fcr Kultur BAK hat 15 Musikschaffende aus unterschiedlichen Musiksparten mit dem Schweizer Musikpreis 2017 ausgezeichnet. Der Schweizer Grand Prix Musik wird am 22. September 2017 an der Preisverleihung in der Kaserne Basel vergeben.<\/span><\/p>\n","protected":false},"author":1,"featured_media":0,"comment_status":"open","ping_status":"open","sticky":false,"template":"","format":"standard","meta":{"footnotes":""},"categories":[2],"tags":[],"class_list":["post-3220","post","type-post","status-publish","format-standard","hentry","category-nachrichten","entry"],"_links":{"self":[{"href":"https:\/\/codexflores.ch\/index.php\/wp-json\/wp\/v2\/posts\/3220","targetHints":{"allow":["GET"]}}],"collection":[{"href":"https:\/\/codexflores.ch\/index.php\/wp-json\/wp\/v2\/posts"}],"about":[{"href":"https:\/\/codexflores.ch\/index.php\/wp-json\/wp\/v2\/types\/post"}],"author":[{"embeddable":true,"href":"https:\/\/codexflores.ch\/index.php\/wp-json\/wp\/v2\/users\/1"}],"replies":[{"embeddable":true,"href":"https:\/\/codexflores.ch\/index.php\/wp-json\/wp\/v2\/comments?post=3220"}],"version-history":[{"count":0,"href":"https:\/\/codexflores.ch\/index.php\/wp-json\/wp\/v2\/posts\/3220\/revisions"}],"wp:attachment":[{"href":"https:\/\/codexflores.ch\/index.php\/wp-json\/wp\/v2\/media?parent=3220"}],"wp:term":[{"taxonomy":"category","embeddable":true,"href":"https:\/\/codexflores.ch\/index.php\/wp-json\/wp\/v2\/categories?post=3220"},{"taxonomy":"post_tag","embeddable":true,"href":"https:\/\/codexflores.ch\/index.php\/wp-json\/wp\/v2\/tags?post=3220"}],"curies":[{"name":"wp","href":"https:\/\/api.w.org\/{rel}","templated":true}]}}