{"id":3228,"date":"2017-05-23T06:36:23","date_gmt":"2017-05-23T06:36:23","guid":{"rendered":"https:\/\/codexflores.ch\/index.php\/2017\/05\/23\/european-jazz-conference-2018-findet-in-lissabon-statt\/"},"modified":"2017-05-23T06:36:23","modified_gmt":"2017-05-23T06:36:23","slug":"european-jazz-conference-2018-findet-in-lissabon-statt","status":"publish","type":"post","link":"https:\/\/codexflores.ch\/index.php\/2017\/05\/23\/european-jazz-conference-2018-findet-in-lissabon-statt\/","title":{"rendered":"European Jazz Conference 2018 findet in Lissabon statt"},"content":{"rendered":"<p><span style=\"font-family: arial,helvetica,sans-serif; font-size: small;\">23.05.2017 &#8212; Die europ\u00e4ische Jazzszene trifft sich im September 2018 anl\u00e4sslich der f\u00fcnften Europ\u00e4ischen Jazzkonferenz im Kulturzentrum von Bel\u00e9m in der portugiesischen Hauptstadt Lissabon.<\/span><\/p>\n<p><span style=\"font-family: arial,helvetica,sans-serif; font-size: small;\"><strong>23.05.2017 &#8212; Die europ\u00e4ische Jazzszene trifft sich im September 2018 anl\u00e4sslich der f\u00fcnften Europ\u00e4ischen Jazzkonferenz im Kulturzentrum von Bel\u00e9m in der portugiesischen Hauptstadt Lissabon.<\/strong><\/span><\/p>\n<p><span style=\"font-family: arial,helvetica,sans-serif; font-size: small;\">\u00a0<\/span><\/p>\n<p><span style=\"font-family: arial,helvetica,sans-serif; font-size: small;\">Organisiert wir die Konferenz 2018 vom Europe Jazz Network (EJN) und der Associa\u00e7\u00e3o Sons da Lusofonia (ASL), die Organisatorin des Festa do Jazz in Lisbon. Zun\u00e4chst aber statt die European Jazz Conference dieses Jahr noch der slowenischen Stadt Ljubljana einen besuch ab: vom 21. bis 24 September findet dort die vierte Auflage des Anlasses statt.<\/span><\/p>\n<p>\u00a0<\/p>\n<p><span style=\"font-family: arial,helvetica,sans-serif; font-size: small;\">Das Europe Jazz Network (EJN) wurde 1987 als europaweiter Verbund gegr\u00fcndet. Derzeit umfasst es 102 Organisationen (Festivals, Clubs und Veranstaltungsorte f\u00fcr Konzerte, unabh\u00e4ngige F\u00f6rderer und nationale Organisationen) in 31 L\u00e4ndern. Es zeichnet jedes Jahr einen europ\u00e4ischen Veranstalter aus, dem es gelingt, \u00abbeispielhaft f\u00fcr die Ziele des EJN ein aktuelles, mit Weitblick und K\u00f6nnen gestaltetes und f\u00fcr das Publikum faszinierendes Musikprogramm anzubieten\u00bb. <em>(cf)<\/em><\/span><\/p>\n<p><span style=\"font-family: arial,helvetica,sans-serif; font-size: small;\"><strong>Mehr Infos:<\/strong> <a href=\"http:\/\/www.europejazz.net\/project\/european-jazz-conference\" target=\"_blank\" rel=\"noopener noreferrer\">www.europejazz.net\/project\/european-jazz-conference<\/a><\/span><\/p>\n<p>\u00a0<\/p>\n","protected":false},"excerpt":{"rendered":"<p><span style=\"font-family: arial,helvetica,sans-serif; font-size: small;\">23.05.2017 &#8212; Die europ\u00e4ische Jazzszene trifft sich im September 2018 anl\u00e4sslich der f\u00fcnften Europ\u00e4ischen Jazzkonferenz im Kulturzentrum von Bel\u00e9m in der portugiesischen Hauptstadt Lissabon.<\/span><\/p>\n","protected":false},"author":1,"featured_media":0,"comment_status":"open","ping_status":"open","sticky":false,"template":"","format":"standard","meta":{"footnotes":""},"categories":[2],"tags":[],"class_list":["post-3228","post","type-post","status-publish","format-standard","hentry","category-nachrichten","entry"],"_links":{"self":[{"href":"https:\/\/codexflores.ch\/index.php\/wp-json\/wp\/v2\/posts\/3228","targetHints":{"allow":["GET"]}}],"collection":[{"href":"https:\/\/codexflores.ch\/index.php\/wp-json\/wp\/v2\/posts"}],"about":[{"href":"https:\/\/codexflores.ch\/index.php\/wp-json\/wp\/v2\/types\/post"}],"author":[{"embeddable":true,"href":"https:\/\/codexflores.ch\/index.php\/wp-json\/wp\/v2\/users\/1"}],"replies":[{"embeddable":true,"href":"https:\/\/codexflores.ch\/index.php\/wp-json\/wp\/v2\/comments?post=3228"}],"version-history":[{"count":0,"href":"https:\/\/codexflores.ch\/index.php\/wp-json\/wp\/v2\/posts\/3228\/revisions"}],"wp:attachment":[{"href":"https:\/\/codexflores.ch\/index.php\/wp-json\/wp\/v2\/media?parent=3228"}],"wp:term":[{"taxonomy":"category","embeddable":true,"href":"https:\/\/codexflores.ch\/index.php\/wp-json\/wp\/v2\/categories?post=3228"},{"taxonomy":"post_tag","embeddable":true,"href":"https:\/\/codexflores.ch\/index.php\/wp-json\/wp\/v2\/tags?post=3228"}],"curies":[{"name":"wp","href":"https:\/\/api.w.org\/{rel}","templated":true}]}}