{"id":3230,"date":"2017-05-24T15:56:19","date_gmt":"2017-05-24T15:56:19","guid":{"rendered":"https:\/\/codexflores.ch\/index.php\/2017\/05\/24\/aviel-cahn-wird-intendant-des-grand-theatre-de-geneve\/"},"modified":"2017-05-24T15:56:19","modified_gmt":"2017-05-24T15:56:19","slug":"aviel-cahn-wird-intendant-des-grand-theatre-de-geneve","status":"publish","type":"post","link":"https:\/\/codexflores.ch\/index.php\/2017\/05\/24\/aviel-cahn-wird-intendant-des-grand-theatre-de-geneve\/","title":{"rendered":"Aviel Cahn wird Intendant des Grand Th\u00e9\u00e2tre de Gen\u00e8ve"},"content":{"rendered":"<p><span style=\"font-family: arial,helvetica,sans-serif; font-size: small;\">24.05.2017 &#8212; Aviel Cahn, der derzeitige Intendant der Fl\u00e4mischen Oper Antwerpen und fr\u00fchere Berner Opernchef, wird ab der Saison 2019\/2020 als Nachfolger von Tobias Richter Intendant des Genfer Opernhauses.<\/span><\/p>\n<p><span style=\"font-family: arial,helvetica,sans-serif; font-size: small;\"><strong>24.05.2017 &#8212;\u00a0Aviel Cahn, der derzeitige Intendant der Fl\u00e4mischen Oper Antwerpen und fr\u00fchere Berner Opernchef, wird ab der Saison 2019\/2020 als Nachfolger von Tobias Richter Intendant des Genfer Opernhauses.<\/strong><\/span><\/p>\n<p><span style=\"font-family: arial,helvetica,sans-serif; font-size: small;\">\u00a0<\/span><\/p>\n<p><span style=\"font-family: arial,helvetica,sans-serif; font-size: small;\">Der in Z\u00fcrich geborene Cahn hat Musik und Rechtswissenschaften studiert und zwar zun\u00e4chst Verantwortlicher f\u00fcr internationale Kontakte des Symphonischen Orchesters von Beijing. Danach war er als Casting Director f\u00fcr die Finnische Nationaloper t\u00e4tig, anschliessend leitete er die Oper in Bern und das Z\u00fcrcher Kammerorchester. Mit 34 Jahren wurde er 2009 als Intendant an die Fl\u00e4mische Oper in Antwerpen und Gent berufen.<\/span><\/p>\n<p>\u00a0<\/p>\n<p><span style=\"font-family: arial,helvetica,sans-serif; font-size: small;\">Das Genfer Opernhaus, Grand Th\u00e9\u00e2tre de Gen\u00e8ve, wurde 1879 an der Place de Neuve, in einem von Jacques-Elys\u00e9e GOSS entworfenen Geb\u00e4ude, eingeweiht. Die derzeitige Spielst\u00e4tte ist die Op\u00e9ra des Nations. Der Spielplan enth\u00e4lt Opern (Wiederaufnahmen und Neuproduktionen), Ballette, Liederabende und Sonderkonzerte. <em>(cf)<\/em><\/span><\/p>\n<p><span style=\"font-family: arial,helvetica,sans-serif; font-size: small;\">\u00a0<\/span><\/p>\n","protected":false},"excerpt":{"rendered":"<p><span style=\"font-family: arial,helvetica,sans-serif; font-size: small;\">24.05.2017 &#8212; Aviel Cahn, der derzeitige Intendant der Fl\u00e4mischen Oper Antwerpen und fr\u00fchere Berner Opernchef, wird ab der Saison 2019\/2020 als Nachfolger von Tobias Richter Intendant des Genfer Opernhauses.<\/span><\/p>\n","protected":false},"author":1,"featured_media":0,"comment_status":"open","ping_status":"open","sticky":false,"template":"","format":"standard","meta":{"footnotes":""},"categories":[2],"tags":[],"class_list":["post-3230","post","type-post","status-publish","format-standard","hentry","category-nachrichten","entry"],"_links":{"self":[{"href":"https:\/\/codexflores.ch\/index.php\/wp-json\/wp\/v2\/posts\/3230","targetHints":{"allow":["GET"]}}],"collection":[{"href":"https:\/\/codexflores.ch\/index.php\/wp-json\/wp\/v2\/posts"}],"about":[{"href":"https:\/\/codexflores.ch\/index.php\/wp-json\/wp\/v2\/types\/post"}],"author":[{"embeddable":true,"href":"https:\/\/codexflores.ch\/index.php\/wp-json\/wp\/v2\/users\/1"}],"replies":[{"embeddable":true,"href":"https:\/\/codexflores.ch\/index.php\/wp-json\/wp\/v2\/comments?post=3230"}],"version-history":[{"count":0,"href":"https:\/\/codexflores.ch\/index.php\/wp-json\/wp\/v2\/posts\/3230\/revisions"}],"wp:attachment":[{"href":"https:\/\/codexflores.ch\/index.php\/wp-json\/wp\/v2\/media?parent=3230"}],"wp:term":[{"taxonomy":"category","embeddable":true,"href":"https:\/\/codexflores.ch\/index.php\/wp-json\/wp\/v2\/categories?post=3230"},{"taxonomy":"post_tag","embeddable":true,"href":"https:\/\/codexflores.ch\/index.php\/wp-json\/wp\/v2\/tags?post=3230"}],"curies":[{"name":"wp","href":"https:\/\/api.w.org\/{rel}","templated":true}]}}