{"id":3231,"date":"2017-05-26T05:53:15","date_gmt":"2017-05-26T05:53:15","guid":{"rendered":"https:\/\/codexflores.ch\/index.php\/2017\/05\/26\/gstaad-menuhin-festival-expandiert-in-web\/"},"modified":"2017-05-26T05:53:15","modified_gmt":"2017-05-26T05:53:15","slug":"gstaad-menuhin-festival-expandiert-in-web","status":"publish","type":"post","link":"https:\/\/codexflores.ch\/index.php\/2017\/05\/26\/gstaad-menuhin-festival-expandiert-in-web\/","title":{"rendered":"Gstaad Menuhin Festival expandiert ins Web"},"content":{"rendered":"<p><span style=\"font-family: arial,helvetica,sans-serif; font-size: small;\">26.05.2017 &#8212; Veranstaltungen von <span lang=\"DE\">Gstaad Menuhin Festival &amp; Academy k\u00f6nnen nun auch im Internet abgerufen werden: <\/span>\u00abGstaad Digital Festival\u00bb bietet, begleitet von einem digitalen Musikmagazin, ausgew\u00e4hlte Konzerte des Festivals als Livestreams und zum sp\u00e4ter Abspielen an.<\/span><\/p>\n<p>\u00a0<\/p>\n<p><span style=\"font-family: arial,helvetica,sans-serif; font-size: small;\"><strong>26.05.2017 &#8212; Veranstaltungen von <span lang=\"DE\">Gstaad Menuhin Festival &amp; Academy k\u00f6nnen nun auch im Internet abgerufen werden: <\/span>\u00abGstaad Digital Festival\u00bb bietet, begleitet von einem digitalen Musikmagazin, ausgew\u00e4hlte Konzerte des Festivals als Livestreams und zum sp\u00e4ter Abspielen an.<\/strong><\/span><\/p>\n<p>\u00a0<\/p>\n<p><span style=\"font-family: arial,helvetica,sans-serif; font-size: small;\">Das Projekt wird einerseits auf einer frei zug\u00e4nglichen Streaming-Plattform und dank einer Kooperation von Swisscom Event &amp; Media Solutions AG und dem Gstaad Menuhin Festival in K\u00fcrze auch in Form einer App auf Swisscom-TV pr\u00e4sent sein.<\/span><\/p>\n<p><span style=\"font-family: arial,helvetica,sans-serif; font-size: small;\">\u00a0<\/span><\/p>\n<p><span style=\"font-family: arial,helvetica,sans-serif; font-size: small;\">Das digitale Musikmagazin informiert mit kurzen Videos u\u0308ber bevorstehende Konzerte, pr\u00e4sentiert Interviews mit Konzert- Interpreten und Academy-Leitern und wird durch Kommentare von Musikkritikern erg\u00e4nzt. Das Projekt wird durch Sponsoren-Beitr\u00e4ge sowie Startfinanzierungsbeitr\u00e4ge der \u00f6ffentlichen Hand \u2013 insbesondere der Gemeinde Saanen \u2013 alimentiert. <em>(cf)<\/em><\/span><\/p>\n<p><span style=\"font-family: arial,helvetica,sans-serif; font-size: small;\"><strong>Mehr Infos:<\/strong> <a href=\"http:\/\/www.gstaaddigitalfestival.ch\">www.gstaaddigitalfestival.ch<\/a><\/span><\/p>\n","protected":false},"excerpt":{"rendered":"<p><span style=\"font-family: arial,helvetica,sans-serif; font-size: small;\">26.05.2017 &#8212; Veranstaltungen von <span lang=\"DE\">Gstaad Menuhin Festival &amp; Academy k\u00f6nnen nun auch im Internet abgerufen werden: <\/span>\u00abGstaad Digital Festival\u00bb bietet, begleitet von einem digitalen Musikmagazin, ausgew\u00e4hlte Konzerte des Festivals als Livestreams und zum sp\u00e4ter Abspielen an.<\/span><\/p>\n","protected":false},"author":1,"featured_media":0,"comment_status":"open","ping_status":"open","sticky":false,"template":"","format":"standard","meta":{"footnotes":""},"categories":[2],"tags":[],"class_list":["post-3231","post","type-post","status-publish","format-standard","hentry","category-nachrichten","entry"],"_links":{"self":[{"href":"https:\/\/codexflores.ch\/index.php\/wp-json\/wp\/v2\/posts\/3231","targetHints":{"allow":["GET"]}}],"collection":[{"href":"https:\/\/codexflores.ch\/index.php\/wp-json\/wp\/v2\/posts"}],"about":[{"href":"https:\/\/codexflores.ch\/index.php\/wp-json\/wp\/v2\/types\/post"}],"author":[{"embeddable":true,"href":"https:\/\/codexflores.ch\/index.php\/wp-json\/wp\/v2\/users\/1"}],"replies":[{"embeddable":true,"href":"https:\/\/codexflores.ch\/index.php\/wp-json\/wp\/v2\/comments?post=3231"}],"version-history":[{"count":0,"href":"https:\/\/codexflores.ch\/index.php\/wp-json\/wp\/v2\/posts\/3231\/revisions"}],"wp:attachment":[{"href":"https:\/\/codexflores.ch\/index.php\/wp-json\/wp\/v2\/media?parent=3231"}],"wp:term":[{"taxonomy":"category","embeddable":true,"href":"https:\/\/codexflores.ch\/index.php\/wp-json\/wp\/v2\/categories?post=3231"},{"taxonomy":"post_tag","embeddable":true,"href":"https:\/\/codexflores.ch\/index.php\/wp-json\/wp\/v2\/tags?post=3231"}],"curies":[{"name":"wp","href":"https:\/\/api.w.org\/{rel}","templated":true}]}}