{"id":3234,"date":"2017-05-29T05:43:30","date_gmt":"2017-05-29T05:43:30","guid":{"rendered":"https:\/\/codexflores.ch\/index.php\/2017\/05\/29\/sommeroper-selzach-wagt-sich-an-wagner\/"},"modified":"2017-05-29T05:43:30","modified_gmt":"2017-05-29T05:43:30","slug":"sommeroper-selzach-wagt-sich-an-wagner","status":"publish","type":"post","link":"https:\/\/codexflores.ch\/index.php\/2017\/05\/29\/sommeroper-selzach-wagt-sich-an-wagner\/","title":{"rendered":"Sommeroper Selzach wagt sich an Wagner"},"content":{"rendered":"<p><span style=\"font-family: arial,helvetica,sans-serif; font-size: small;\">29.05.2017 &#8212; Die zwischen Grenchen und Solothurn angesiedelte Sommeroper Selzach feiert im August 2018 ihr 30-Jahre-Jubil\u00e4um. Dazu programmiert sie mit Richard Wagners \u00abDer fliegende Holl\u00e4nder\u00bb ein Repertoire-Schwergewicht. Regie f\u00fchrt TOBS-Intendant Dieter K\u00e4gi. <\/span><\/p>\n<p><span style=\"font-family: arial,helvetica,sans-serif; font-size: small;\"><strong>29.05.2017 &#8212; Die zwischen Grenchen und Solothurn angesiedelte Sommeroper Selzach feiert im August 2018 ihr 30-Jahre-Jubil\u00e4um. Dazu programmiert sie mit Richard Wagners \u00abDer fliegende Holl\u00e4nder\u00bb ein Repertoire-Schwergewicht. Regie f\u00fchrt TOBS-Intendant Dieter K\u00e4gi.<\/strong><\/span><\/p>\n<p><span style=\"font-family: arial,helvetica,sans-serif; font-size: small;\">\u00a0<\/span><\/p>\n<p><span style=\"font-family: arial,helvetica,sans-serif; font-size: small;\">In Selzach <\/span><span style=\"font-family: arial,helvetica,sans-serif; font-size: small;\">wird e<\/span><span style=\"font-family: arial,helvetica,sans-serif; font-size: small;\">rstmals in der Geschichte der B\u00fchne <\/span><span style=\"font-family: arial,helvetica,sans-serif; font-size: small;\">eine Wagner-Oper gezeigt<span style=\"font-family: arial,helvetica,sans-serif; font-size: small;\"> \u2013 dank einer neuen Zusammenarbeit mit dem Theater Orchester Biel Solothurn (TOBS)<\/span>. <\/span><span style=\"font-family: arial,helvetica,sans-serif; font-size: small;\">TOBS-Intendant und -Operndirektor <\/span><span style=\"font-family: arial,helvetica,sans-serif; font-size: small;\">Dieter Kaegi zeichnet f\u00fcr die Regie verantwortlich. Kaegi inszeniert seit rund 30 Jahren weltweit Opern und hat den\u00a0\u00abHoll\u00e4nder\u00bb bereits in Li\u00e8ge, Toulon und Bern inszeniert.<\/span><\/p>\n<p>\u00a0<\/p>\n<p><span style=\"font-family: arial,helvetica,sans-serif; font-size: small;\">Chor und Orchester stammen wie immer in Selzach aus der Region.c<\/span><span style=\"font-family: arial,helvetica,sans-serif; font-size: small;\">Die Ausstattung liegt wie bei den bisherigen Selzacher Produktionen in den H\u00e4nden von Oskar Fluri. Die Produktionsleitung teilen sich Ren\u00e9 Gehri und Pia B\u00fcrki. Thomas Dietrich obliegt neu die Leitung des k\u00fcnstlerischen Betriebsb\u00fcros. Sie alle geh\u00f6ren seit vielen Jahren zum Selzacher Leitungsteam. <br \/><\/span><\/p>\n<p>\u00a0<\/p>\n<p><span style=\"font-family: arial,helvetica,sans-serif; font-size: small;\">1988\/1989 wurde das einstige Passionsspielhaus mit Mozarts \u00abZauberfl\u00f6te\u00bb wiederer\u00f6ffnet. Seither wurden im Zweijahresrhythmus Opern produziert und von jeweils rund 7000 bis 8000 Personen besucht. Die B\u00fchne des Passionsspielhauses ist mit einer Fl\u00e4che von 150 Quadratmetern eine der gr\u00f6ssten der Schweiz und eignet sich ideal auch f\u00fcr aufwendigere Produktionen.\u00a0<em> (cf)<\/em><\/span><\/p>\n<p><span style=\"font-family: arial,helvetica,sans-serif; font-size: small;\">\u00a0<\/span><\/p>\n","protected":false},"excerpt":{"rendered":"<p><span style=\"font-family: arial,helvetica,sans-serif; font-size: small;\">29.05.2017 &#8212; Die zwischen Grenchen und Solothurn angesiedelte Sommeroper Selzach feiert im August 2018 ihr 30-Jahre-Jubil\u00e4um. Dazu programmiert sie mit Richard Wagners \u00abDer fliegende Holl\u00e4nder\u00bb ein Repertoire-Schwergewicht. Regie f\u00fchrt TOBS-Intendant Dieter K\u00e4gi. <\/span><\/p>\n","protected":false},"author":1,"featured_media":0,"comment_status":"open","ping_status":"open","sticky":false,"template":"","format":"standard","meta":{"footnotes":""},"categories":[2],"tags":[],"class_list":["post-3234","post","type-post","status-publish","format-standard","hentry","category-nachrichten","entry"],"_links":{"self":[{"href":"https:\/\/codexflores.ch\/index.php\/wp-json\/wp\/v2\/posts\/3234","targetHints":{"allow":["GET"]}}],"collection":[{"href":"https:\/\/codexflores.ch\/index.php\/wp-json\/wp\/v2\/posts"}],"about":[{"href":"https:\/\/codexflores.ch\/index.php\/wp-json\/wp\/v2\/types\/post"}],"author":[{"embeddable":true,"href":"https:\/\/codexflores.ch\/index.php\/wp-json\/wp\/v2\/users\/1"}],"replies":[{"embeddable":true,"href":"https:\/\/codexflores.ch\/index.php\/wp-json\/wp\/v2\/comments?post=3234"}],"version-history":[{"count":0,"href":"https:\/\/codexflores.ch\/index.php\/wp-json\/wp\/v2\/posts\/3234\/revisions"}],"wp:attachment":[{"href":"https:\/\/codexflores.ch\/index.php\/wp-json\/wp\/v2\/media?parent=3234"}],"wp:term":[{"taxonomy":"category","embeddable":true,"href":"https:\/\/codexflores.ch\/index.php\/wp-json\/wp\/v2\/categories?post=3234"},{"taxonomy":"post_tag","embeddable":true,"href":"https:\/\/codexflores.ch\/index.php\/wp-json\/wp\/v2\/tags?post=3234"}],"curies":[{"name":"wp","href":"https:\/\/api.w.org\/{rel}","templated":true}]}}