{"id":3237,"date":"2017-05-30T05:03:36","date_gmt":"2017-05-30T05:03:36","guid":{"rendered":"https:\/\/codexflores.ch\/index.php\/2017\/05\/30\/erstes-sommerprogramm-von-lugano-arte-e-cultura\/"},"modified":"2017-05-30T05:03:36","modified_gmt":"2017-05-30T05:03:36","slug":"erstes-sommerprogramm-von-lugano-arte-e-cultura","status":"publish","type":"post","link":"https:\/\/codexflores.ch\/index.php\/2017\/05\/30\/erstes-sommerprogramm-von-lugano-arte-e-cultura\/","title":{"rendered":"Erstes Sommerprogramm von Lugano Arte e Cultura"},"content":{"rendered":"<p><span style=\"font-family: arial,helvetica,sans-serif; font-size: small;\">30.05.2017 &#8212; Das LAC (Lugano Arte e Cultura), LuganoMusica, das Orchestra della Svizzera italiana (OSI) und weitere Partner pr\u00e4sentieren erstmals ein gemeinsames Sommerprogramm. Unter anderem mit der fliegen lernenden Hildegard.<\/span><\/p>\n<p>\u00a0<\/p>\n<p><span style=\"font-family: arial,helvetica,sans-serif; font-size: small;\"><strong>30.05.2017 &#8212; Das LAC (Lugano Arte e Cultura), LuganoMusica, das Orchestra della Svizzera italiana (OSI) und weitere Partner pr\u00e4sentieren erstmals ein gemeinsames Sommerprogramm. <span style=\"font-family: arial,helvetica,sans-serif; font-size: small;\">Unter anderem mit der fliegen lernenden Hildegard.<\/span><\/strong><\/span><\/p>\n<p><span style=\"font-family: arial,helvetica,sans-serif; font-size: small;\">\u00a0<\/span><\/p>\n<p><span style=\"font-family: arial,helvetica,sans-serif; font-size: small;\">Die Piazza Luini &#8211; die gr\u00f6sste Piazza der Stadt Lugano &#8211; wird kostenlose Veranstaltungen anbieten. Ziel ist es, ein m\u00f6glichst breites Publikum anzulocken. Geboten werden unter anderem: die Live-\u00dcbertragung von Verdis \u00abUn Ballo in Maschera\u00bb aus dem Z\u00fcrcher Opernhaus. <\/span><\/p>\n<p>\u00a0<\/p>\n<p><span style=\"font-family: arial,helvetica,sans-serif; font-size: small;\">Das Orchestra della Svizzera wird Prokofjews \u00abPeter und der Wolf\u00bb spielen und \u00abNosferatu\u00bb von Friedrich Wilhelm Murnau wird auf eine grosse Leinwand gebracht. Das OSI wird den Film unter Leitung des Dirigenten und Komponisten Timothy Brock begleiten. Das OSI sowie die Schweizer Jazzband \u00abHildegard Lernt Fliegen\u00bb werden G\u00e4ste des auf der Piazza della Riforma in der Innerstadt organisierten Estival Jazz sein.\u00a0<\/span><\/p>\n<p><span style=\"font-family: arial,helvetica,sans-serif; font-size: small;\"><strong>Mehr Infos:<\/strong> <a href=\"http:\/\/www.luganolac.ch\" target=\"_blank\" rel=\"noopener noreferrer\">www.luganolac.ch<\/a><\/span><\/p>\n<p>\u00a0<\/p>\n","protected":false},"excerpt":{"rendered":"<p><span style=\"font-family: arial,helvetica,sans-serif; font-size: small;\">30.05.2017 &#8212; Das LAC (Lugano Arte e Cultura), LuganoMusica, das Orchestra della Svizzera italiana (OSI) und weitere Partner pr\u00e4sentieren erstmals ein gemeinsames Sommerprogramm. Unter anderem mit der fliegen lernenden Hildegard.<\/span><\/p>\n","protected":false},"author":1,"featured_media":0,"comment_status":"open","ping_status":"open","sticky":false,"template":"","format":"standard","meta":{"footnotes":""},"categories":[2],"tags":[],"class_list":["post-3237","post","type-post","status-publish","format-standard","hentry","category-nachrichten","entry"],"_links":{"self":[{"href":"https:\/\/codexflores.ch\/index.php\/wp-json\/wp\/v2\/posts\/3237","targetHints":{"allow":["GET"]}}],"collection":[{"href":"https:\/\/codexflores.ch\/index.php\/wp-json\/wp\/v2\/posts"}],"about":[{"href":"https:\/\/codexflores.ch\/index.php\/wp-json\/wp\/v2\/types\/post"}],"author":[{"embeddable":true,"href":"https:\/\/codexflores.ch\/index.php\/wp-json\/wp\/v2\/users\/1"}],"replies":[{"embeddable":true,"href":"https:\/\/codexflores.ch\/index.php\/wp-json\/wp\/v2\/comments?post=3237"}],"version-history":[{"count":0,"href":"https:\/\/codexflores.ch\/index.php\/wp-json\/wp\/v2\/posts\/3237\/revisions"}],"wp:attachment":[{"href":"https:\/\/codexflores.ch\/index.php\/wp-json\/wp\/v2\/media?parent=3237"}],"wp:term":[{"taxonomy":"category","embeddable":true,"href":"https:\/\/codexflores.ch\/index.php\/wp-json\/wp\/v2\/categories?post=3237"},{"taxonomy":"post_tag","embeddable":true,"href":"https:\/\/codexflores.ch\/index.php\/wp-json\/wp\/v2\/tags?post=3237"}],"curies":[{"name":"wp","href":"https:\/\/api.w.org\/{rel}","templated":true}]}}