{"id":3241,"date":"2017-06-02T05:58:45","date_gmt":"2017-06-02T05:58:45","guid":{"rendered":"https:\/\/codexflores.ch\/index.php\/2017\/06\/02\/absolutho-rer-und-syna-stheten-gesucht\/"},"modified":"2017-06-02T05:58:45","modified_gmt":"2017-06-02T05:58:45","slug":"absolutho-rer-und-syna-stheten-gesucht","status":"publish","type":"post","link":"https:\/\/codexflores.ch\/index.php\/2017\/06\/02\/absolutho-rer-und-syna-stheten-gesucht\/","title":{"rendered":"Absolutho\u0308rer und Syna\u0308stheten gesucht"},"content":{"rendered":"<p><span style=\"font-family: arial,helvetica,sans-serif; font-size: small;\">02.06.2017 &#8212; Fu\u0308r eine Studie der Universit\u00e4t Z\u00fcrich zur Verarbeitung von Musik und To\u0308nen im Gehirn werden Musikerinnen und Musiker mit absolutem Geho\u0308r und Syna\u0308stheten gesucht.<\/span><\/p>\n<p><span style=\"font-family: arial,helvetica,sans-serif; font-size: small;\"><strong>02.06.2017 &#8212; Fu\u0308r eine Studie der Universit\u00e4t Z\u00fcrich zur Verarbeitung von Musik und To\u0308nen im Gehirn werden Musikerinnen und Musiker mit absolutem Geho\u0308r und Syna\u0308stheten gesucht.<\/strong><\/span><\/p>\n<p><span style=\"font-family: arial,helvetica,sans-serif; font-size: small;\">\u00a0<\/span><\/p>\n<p><span style=\"font-family: arial,helvetica,sans-serif; font-size: small;\">Im Rahmen von mehreren Studien untersuchen die Z\u00fcrcher Forscher mittels Elektroenzephalographie (EEG) sowie Magnetresonanztomographie (MRT), ob und in welchem Ausmass Menschen mit absolutem Geh\u00f6r und\/oder einer Ton-Farb-Syn\u00e4sthesie bei grundlegenden auditorischen Prozessen, wie zum Beispiel dem H\u00f6ren von einzelnen T\u00f6nen oder ganzen Musikst\u00fccken, dieselben strukturellen und funktionellen Netzwerke im Gehirn nutzen wie Menschen ohne diese F\u00e4higkeiten. <\/span><\/p>\n<p>\u00a0<\/p>\n<p><span style=\"font-family: arial,helvetica,sans-serif; font-size: small;\">Die Teilnahme wird verg\u00fctet. Alle weiteren Informationen sind auf der Webseite <a href=\"http:\/\/www.musikundgehirn.ch\" target=\"_blank\" rel=\"noopener noreferrer\">www.musikundgehirn.ch<\/a> zu finden. <em>(cf)<\/em><\/span><\/p>\n<p>\u00a0<\/p>\n","protected":false},"excerpt":{"rendered":"<p><span style=\"font-family: arial,helvetica,sans-serif; font-size: small;\">02.06.2017 &#8212; Fu\u0308r eine Studie der Universit\u00e4t Z\u00fcrich zur Verarbeitung von Musik und To\u0308nen im Gehirn werden Musikerinnen und Musiker mit absolutem Geho\u0308r und Syna\u0308stheten gesucht.<\/span><\/p>\n","protected":false},"author":1,"featured_media":0,"comment_status":"open","ping_status":"open","sticky":false,"template":"","format":"standard","meta":{"footnotes":""},"categories":[2],"tags":[],"class_list":["post-3241","post","type-post","status-publish","format-standard","hentry","category-nachrichten","entry"],"_links":{"self":[{"href":"https:\/\/codexflores.ch\/index.php\/wp-json\/wp\/v2\/posts\/3241","targetHints":{"allow":["GET"]}}],"collection":[{"href":"https:\/\/codexflores.ch\/index.php\/wp-json\/wp\/v2\/posts"}],"about":[{"href":"https:\/\/codexflores.ch\/index.php\/wp-json\/wp\/v2\/types\/post"}],"author":[{"embeddable":true,"href":"https:\/\/codexflores.ch\/index.php\/wp-json\/wp\/v2\/users\/1"}],"replies":[{"embeddable":true,"href":"https:\/\/codexflores.ch\/index.php\/wp-json\/wp\/v2\/comments?post=3241"}],"version-history":[{"count":0,"href":"https:\/\/codexflores.ch\/index.php\/wp-json\/wp\/v2\/posts\/3241\/revisions"}],"wp:attachment":[{"href":"https:\/\/codexflores.ch\/index.php\/wp-json\/wp\/v2\/media?parent=3241"}],"wp:term":[{"taxonomy":"category","embeddable":true,"href":"https:\/\/codexflores.ch\/index.php\/wp-json\/wp\/v2\/categories?post=3241"},{"taxonomy":"post_tag","embeddable":true,"href":"https:\/\/codexflores.ch\/index.php\/wp-json\/wp\/v2\/tags?post=3241"}],"curies":[{"name":"wp","href":"https:\/\/api.w.org\/{rel}","templated":true}]}}