{"id":3242,"date":"2017-06-02T07:25:34","date_gmt":"2017-06-02T07:25:34","guid":{"rendered":"https:\/\/codexflores.ch\/index.php\/2017\/06\/02\/simon-gaudenz-wird-jenaer-generalmusikdirektor\/"},"modified":"2017-06-02T07:25:34","modified_gmt":"2017-06-02T07:25:34","slug":"simon-gaudenz-wird-jenaer-generalmusikdirektor","status":"publish","type":"post","link":"https:\/\/codexflores.ch\/index.php\/2017\/06\/02\/simon-gaudenz-wird-jenaer-generalmusikdirektor\/","title":{"rendered":"Simon Gaudenz wird Jenaer Generalmusikdirektor"},"content":{"rendered":"<p><span style=\"font-family: arial,helvetica,sans-serif; font-size: small;\">02.06.2017 &#8212; Der Schweizer Dirigent Simon Gaudenz wird ab der Spielzeit 2018\/2019 als Nachfolger von Marc Tardue neuer Generalmusikdirektor der Jenaer Philharmonie. Das Jenaer Orchester w\u00e4hlte ihn mit grosser Mehrheit.<\/span><\/p>\n<p><span style=\"font-family: arial,helvetica,sans-serif; font-size: small;\"><strong>02.06.2017 &#8212; Der Schweizer Dirigent Simon Gaudenz wird ab der Spielzeit 2018\/2019 als Nachfolger von Marc Tardue neuer Generalmusikdirektor der Jenaer Philharmonie. Das Jenaer Orchester w\u00e4hlte ihn mit grosser Mehrheit.<\/strong><\/span><\/p>\n<p><span style=\"font-family: arial,helvetica,sans-serif; font-size: small;\">\u00a0<\/span><\/p>\n<p><span style=\"font-family: arial,helvetica,sans-serif; font-size: small;\">Von 2004 bis 2011 wirkte Gaudenz als K\u00fcnstlerischer Leiter und Chefdirigent das Collegium Musicum Basel, zuvor war er als Gr\u00fcndungsmitglied vier Jahre K\u00fcnstlerischer Leiter der camerata variabile basel.\u00a0Seit der Saison 2010\/11 ist er ausserdem als Erster Gastdirigent des Odense Symphony Orchestra engagiert.<\/span><\/p>\n<p><span style=\"font-family: arial,helvetica,sans-serif; font-size: small;\">\u00a0<\/span><\/p>\n<p><span style=\"font-family: arial,helvetica,sans-serif; font-size: small;\">Die Jenaer Philharmonie geh\u00f6rt seit Beginn dieses Jahres zu jenen sechs deutschen Orchestern, die im Rahmen des Bundesprogrammes \u00abExzellente Orchesterlandschaft Deutschland\u00bb gef\u00f6rdert werden. In Zusammenarbeit mit dem Deutschen Musikrat f\u00f6rdert die Jenaer Philharmonie den internationalen Dirigentennachwuchs. Dar\u00fcber hinaus ist sie wichtiger Ausbildungs- und Kooperationspartner der Hochschule f\u00fcr Musik Franz Liszt Weimar.<em>(cf)<\/em><\/span><\/p>\n<p>\u00a0<\/p>\n","protected":false},"excerpt":{"rendered":"<p><span style=\"font-family: arial,helvetica,sans-serif; font-size: small;\">02.06.2017 &#8212; Der Schweizer Dirigent Simon Gaudenz wird ab der Spielzeit 2018\/2019 als Nachfolger von Marc Tardue neuer Generalmusikdirektor der Jenaer Philharmonie. Das Jenaer Orchester w\u00e4hlte ihn mit grosser Mehrheit.<\/span><\/p>\n","protected":false},"author":1,"featured_media":0,"comment_status":"open","ping_status":"open","sticky":false,"template":"","format":"standard","meta":{"footnotes":""},"categories":[2],"tags":[],"class_list":["post-3242","post","type-post","status-publish","format-standard","hentry","category-nachrichten","entry"],"_links":{"self":[{"href":"https:\/\/codexflores.ch\/index.php\/wp-json\/wp\/v2\/posts\/3242","targetHints":{"allow":["GET"]}}],"collection":[{"href":"https:\/\/codexflores.ch\/index.php\/wp-json\/wp\/v2\/posts"}],"about":[{"href":"https:\/\/codexflores.ch\/index.php\/wp-json\/wp\/v2\/types\/post"}],"author":[{"embeddable":true,"href":"https:\/\/codexflores.ch\/index.php\/wp-json\/wp\/v2\/users\/1"}],"replies":[{"embeddable":true,"href":"https:\/\/codexflores.ch\/index.php\/wp-json\/wp\/v2\/comments?post=3242"}],"version-history":[{"count":0,"href":"https:\/\/codexflores.ch\/index.php\/wp-json\/wp\/v2\/posts\/3242\/revisions"}],"wp:attachment":[{"href":"https:\/\/codexflores.ch\/index.php\/wp-json\/wp\/v2\/media?parent=3242"}],"wp:term":[{"taxonomy":"category","embeddable":true,"href":"https:\/\/codexflores.ch\/index.php\/wp-json\/wp\/v2\/categories?post=3242"},{"taxonomy":"post_tag","embeddable":true,"href":"https:\/\/codexflores.ch\/index.php\/wp-json\/wp\/v2\/tags?post=3242"}],"curies":[{"name":"wp","href":"https:\/\/api.w.org\/{rel}","templated":true}]}}