{"id":3243,"date":"2017-06-06T06:12:13","date_gmt":"2017-06-06T06:12:13","guid":{"rendered":"https:\/\/codexflores.ch\/index.php\/2017\/06\/06\/wuerttembergischen-philharmonie-reutlingen-mit-fluechtlingen\/"},"modified":"2017-06-06T06:12:13","modified_gmt":"2017-06-06T06:12:13","slug":"wuerttembergischen-philharmonie-reutlingen-mit-fluechtlingen","status":"publish","type":"post","link":"https:\/\/codexflores.ch\/index.php\/2017\/06\/06\/wuerttembergischen-philharmonie-reutlingen-mit-fluechtlingen\/","title":{"rendered":"W\u00fcrttembergischen Philharmonie Reutlingen mit Fl\u00fcchtlingen"},"content":{"rendered":"<p><span style=\"font-family: arial,helvetica,sans-serif; font-size: small;\">06.06.2017 &#8212; Seit anderthalb Jahren musizieren Mitglieder der W\u00fcrttembergischen Philharmonie Reutlingen (WPR) mit Fl\u00fcchtlingen aus Afghanistan, dem Iran, Syrien, Gambia, Ghana und Somalia. Am 29. Juni kommt es in der Stadthalle Reutlingen zum grossen Abschlusskonzert des Projektes.<\/span><\/p>\n<p><span style=\"font-family: arial,helvetica,sans-serif; font-size: small;\"><strong>06.06.2017 &#8212; Seit anderthalb Jahren musizieren Mitglieder der W\u00fcrttembergischen Philharmonie Reutlingen (WPR) mit Fl\u00fcchtlingen aus Afghanistan, dem Iran, Syrien, Gambia, Ghana und Somalia. Am 29. Juni kommt es in der Stadthalle Reutlingen zum grossen Abschlusskonzert des Projektes.<\/strong><\/span><\/p>\n<p><span style=\"font-family: arial,helvetica,sans-serif; font-size: small;\">\u00a0<\/span><\/p>\n<p><span style=\"font-family: arial,helvetica,sans-serif; font-size: small;\">Das Projekt sei auf enormes Interesse gestossen, schreibt die WPR. Es habe sich so schnell herumgesprochen, dass bis zuletzt, in der Schlussphase noch Neuzug\u00e4nge zu verzeichnen gewesen seien. Allerdings haben die Organisatoren auch mit dem umgekehrten Fall zu k\u00e4mpfen: Unter den Gefl\u00fcchteten sind beispielsweise ein paar professionelle Musiker. Mancher musste gerade wegen seiner Musik das Heimatland verlassen und es besteht berechtigte Sorge, dass nach einem \u00f6ffentlichen Auftritt hierzulande er selbst oder zur\u00fcckgebliebene Verwandte gef\u00e4hrdet sind. <\/span><\/p>\n<p>\u00a0<\/p>\n<p><span style=\"font-family: arial,helvetica,sans-serif; font-size: small;\">\u00c4hnliches gilt auch f\u00fcr einige Frauen. F\u00fcr diejenigen, die nicht zusammen mit M\u00e4nnern Musik machen d\u00fcrfen, gab es eigens eine Frauengruppe. Manche von ihnen wird aus diesem Grund im Abschlusskonzert auch nicht pers\u00f6nlich auf der B\u00fchne stehen, sondern nur mit ihren Texten oder per Einspieler vertreten sein.\u00a0<\/span><\/p>\n<p><span style=\"font-family: arial,helvetica,sans-serif; font-size: small;\">\u00a0<\/span><\/p>\n<p><span style=\"font-family: arial,helvetica,sans-serif; font-size: small;\">Basis des Projektes mit dem Titel\u00a0\u00abFugato\u00bb ist eine Komposition K\u00f6nigs. Sie verkn\u00fcpft die Lieder, Gedichte, Berichte und szenischen Darstellungsmittel, die im Verlauf Prozesses entstanden sind und tr\u00e4gt den Titel \u00ab10 Fabeln und 1 Requiem f\u00fcr zwei Sprecher und Orchester\u00bb. Geschaffen ist sie f\u00fcr Sinfonieorchester und Exil-Ensemble mit zum Teil traditionellen Musikinstrumenten der Herkunftsl\u00e4nder, Gaukler und Artisten und weiteren Elementen. <em>(cf)<\/em><\/span><\/p>\n<p><span style=\"font-family: arial,helvetica,sans-serif; font-size: small;\">\u00a0<\/span><\/p>\n","protected":false},"excerpt":{"rendered":"<p><span style=\"font-family: arial,helvetica,sans-serif; font-size: small;\">06.06.2017 &#8212; Seit anderthalb Jahren musizieren Mitglieder der W\u00fcrttembergischen Philharmonie Reutlingen (WPR) mit Fl\u00fcchtlingen aus Afghanistan, dem Iran, Syrien, Gambia, Ghana und Somalia. Am 29. Juni kommt es in der Stadthalle Reutlingen zum grossen Abschlusskonzert des Projektes.<\/span><\/p>\n","protected":false},"author":1,"featured_media":0,"comment_status":"open","ping_status":"open","sticky":false,"template":"","format":"standard","meta":{"footnotes":""},"categories":[2],"tags":[],"class_list":["post-3243","post","type-post","status-publish","format-standard","hentry","category-nachrichten","entry"],"_links":{"self":[{"href":"https:\/\/codexflores.ch\/index.php\/wp-json\/wp\/v2\/posts\/3243","targetHints":{"allow":["GET"]}}],"collection":[{"href":"https:\/\/codexflores.ch\/index.php\/wp-json\/wp\/v2\/posts"}],"about":[{"href":"https:\/\/codexflores.ch\/index.php\/wp-json\/wp\/v2\/types\/post"}],"author":[{"embeddable":true,"href":"https:\/\/codexflores.ch\/index.php\/wp-json\/wp\/v2\/users\/1"}],"replies":[{"embeddable":true,"href":"https:\/\/codexflores.ch\/index.php\/wp-json\/wp\/v2\/comments?post=3243"}],"version-history":[{"count":0,"href":"https:\/\/codexflores.ch\/index.php\/wp-json\/wp\/v2\/posts\/3243\/revisions"}],"wp:attachment":[{"href":"https:\/\/codexflores.ch\/index.php\/wp-json\/wp\/v2\/media?parent=3243"}],"wp:term":[{"taxonomy":"category","embeddable":true,"href":"https:\/\/codexflores.ch\/index.php\/wp-json\/wp\/v2\/categories?post=3243"},{"taxonomy":"post_tag","embeddable":true,"href":"https:\/\/codexflores.ch\/index.php\/wp-json\/wp\/v2\/tags?post=3243"}],"curies":[{"name":"wp","href":"https:\/\/api.w.org\/{rel}","templated":true}]}}