{"id":3244,"date":"2017-06-06T14:33:15","date_gmt":"2017-06-06T14:33:15","guid":{"rendered":"https:\/\/codexflores.ch\/index.php\/2017\/06\/06\/die-tonspur-zur-srg-und-billag-debatte\/"},"modified":"2017-06-06T14:33:15","modified_gmt":"2017-06-06T14:33:15","slug":"die-tonspur-zur-srg-und-billag-debatte","status":"publish","type":"post","link":"https:\/\/codexflores.ch\/index.php\/2017\/06\/06\/die-tonspur-zur-srg-und-billag-debatte\/","title":{"rendered":"Die Tonspur zur SRG-und Billag-Debatte"},"content":{"rendered":"<p><img loading=\"lazy\" decoding=\"async\" src=\"images\/bilder2017\/Peter_Zihlmann_JAZZ_20__160x160px2.png\" border=\"0\" width=\"100\" height=\"99\" style=\"float: left; margin: 8px;\" \/><span style=\"font-family: arial,helvetica,sans-serif; font-size: small;\">03.06.2017 &#8212; Verschiedene Abstimmungen r\u00fccken in der Schweiz zur Zeit die \u00f6ffentlich-rechtlichen Radio- und Fernsehkan\u00e4le ins Rampenlicht. \u00dcber ein revidiertes Modell der Geb\u00fchrenerhebung hat das Volk 2015 entschieden, nun steht mit der No-Billag-Initiative eine g\u00e4nzliche Abschaffung dieser Geb\u00fchren zur Debatte. Eine Motion einer Nationlratskommission verlangt \u00fcberdies, dass es der SRG (Schweizerische Radio- und Fernsehgesellschaft) verboten wird, weiterhin ihre Spartenkan\u00e4le mit Pop, Jazz, Klassik, Volkmusik sowie einen Jugendsender (Virus) zu betreiben.<\/span><\/p>\n<p><img loading=\"lazy\" decoding=\"async\" src=\"images\/bilder2017\/Peter_Zihlmann_JAZZ_20__160x160px2.png\" border=\"0\" width=\"100\" height=\"99\" style=\"float: left; margin: 8px;\" \/><span style=\"font-family: arial,helvetica,sans-serif; font-size: small;\">03.06.2017 &#8212; Verschiedene Abstimmungen r\u00fccken in der Schweiz zur Zeit die \u00f6ffentlich-rechtlichen Radio- und Fernsehkan\u00e4le ins Rampenlicht. \u00dcber ein revidiertes Modell der Geb\u00fchrenerhebung hat das Volk 2015 entschieden, nun steht mit der No-Billag-Initiative eine g\u00e4nzliche Abschaffung dieser Geb\u00fchren zur Debatte. Eine Motion einer Nationlratskommission verlangt \u00fcberdies, dass es der SRG (Schweizerische Radio- und Fernsehgesellschaft) verboten wird, weiterhin ihre Spartenkan\u00e4le mit Pop, Jazz, Klassik, Volkmusik sowie einen Jugendsender (Virus) zu betreiben.<\/span><\/p>\n<p>\u00a0<\/p>\n<p><span style=\"font-family: arial,helvetica,sans-serif; font-size: small;\">Die Abstimmungen zeigen, wie drastisch sich das Verh\u00e4ltnis der Schweizer zu ihrem Staatssender ge\u00e4ndert hat. Als Radio Berom\u00fcnster bis 2008 auf Mittelwelle (mit interferierenden nordafrikanischen Sendern im Ger\u00e4uschhintergrund) sendete, galt es als Tods\u00fcnde, etwa zu Zeiten der Mittagsnachrichten zu telefonieren oder Tischgespr\u00e4che zu f\u00fchren. Der Geb\u00e4ude des Senders in Berom\u00fcnster sind mittlerweile zu einem Freien Kunstmuseum (KKLB) umfunktioniert. Die Albert Koechlin Stiftung hat dies zum Anlass genommen, die grosse Zeit des Schweizer Radios zu feiern und dazu beim Luzerner Jazz-Komponisten Peter Zihlmann eine \u00abBerom\u00fcnster Suite\u00bb in Auftrag zu geben. Uraufgef\u00fchrt worden ist sie vom Lucerne Jazz Orchestra unter der Leitung von David Grottschreiber am 23. April 2016 in den ehemaligen Sender\u00e4umen.<\/span><\/p>\n<p>\u00a0<\/p>\n<p><span style=\"font-family: arial,helvetica,sans-serif; font-size: small;\"> Sie l\u00e4sst mit Episoden wie \u00abDer Krieg und das Reduit\u00bb, \u00abThe Golden Age\u00bb oder \u00abAbgesang und Aufbruch\u00bb markante Epochen der Schweizer Radiogeschichte des 20. Jahrhunderts Revue passieren und kombiniert dabei auch Holzbl\u00e4serkl\u00e4nge, solide Big-Band-Arrangements \u2013 und eine vergn\u00fcgliche Collage, die wiederspiegelt, was sich \u00abNach Sendeschluss\u00bb, sozusagen zur Geisterstunde, im \u00c4ther alles ein Stelldichein gab. <em>(wb)<\/em> <\/span><\/p>\n<p><strong>Info:<\/strong><br \/>Peter Zihlmann &amp; Lucerne Jazz Orchestra: Berom\u00fcnster, Musiques Suisses, MGB Jazz 20. Koproduziert von SRF 2 Kultur.<\/p>\n","protected":false},"excerpt":{"rendered":"<p><img loading=\"lazy\" decoding=\"async\" src=\"images\/bilder2017\/Peter_Zihlmann_JAZZ_20__160x160px2.png\" border=\"0\" width=\"100\" height=\"99\" style=\"float: left; margin: 8px;\" \/><span style=\"font-family: arial,helvetica,sans-serif; font-size: small;\">03.06.2017 &#8212; Verschiedene Abstimmungen r\u00fccken in der Schweiz zur Zeit die \u00f6ffentlich-rechtlichen Radio- und Fernsehkan\u00e4le ins Rampenlicht. \u00dcber ein revidiertes Modell der Geb\u00fchrenerhebung hat das Volk 2015 entschieden, nun steht mit der No-Billag-Initiative eine g\u00e4nzliche Abschaffung dieser Geb\u00fchren zur Debatte. Eine Motion einer Nationlratskommission verlangt \u00fcberdies, dass es der SRG (Schweizerische Radio- und Fernsehgesellschaft) verboten wird, weiterhin ihre Spartenkan\u00e4le mit Pop, Jazz, Klassik, Volkmusik sowie einen Jugendsender (Virus) zu betreiben.<\/span><\/p>\n","protected":false},"author":1,"featured_media":0,"comment_status":"open","ping_status":"open","sticky":false,"template":"","format":"standard","meta":{"footnotes":""},"categories":[4],"tags":[],"class_list":["post-3244","post","type-post","status-publish","format-standard","hentry","category-im-gespraech","entry"],"_links":{"self":[{"href":"https:\/\/codexflores.ch\/index.php\/wp-json\/wp\/v2\/posts\/3244","targetHints":{"allow":["GET"]}}],"collection":[{"href":"https:\/\/codexflores.ch\/index.php\/wp-json\/wp\/v2\/posts"}],"about":[{"href":"https:\/\/codexflores.ch\/index.php\/wp-json\/wp\/v2\/types\/post"}],"author":[{"embeddable":true,"href":"https:\/\/codexflores.ch\/index.php\/wp-json\/wp\/v2\/users\/1"}],"replies":[{"embeddable":true,"href":"https:\/\/codexflores.ch\/index.php\/wp-json\/wp\/v2\/comments?post=3244"}],"version-history":[{"count":0,"href":"https:\/\/codexflores.ch\/index.php\/wp-json\/wp\/v2\/posts\/3244\/revisions"}],"wp:attachment":[{"href":"https:\/\/codexflores.ch\/index.php\/wp-json\/wp\/v2\/media?parent=3244"}],"wp:term":[{"taxonomy":"category","embeddable":true,"href":"https:\/\/codexflores.ch\/index.php\/wp-json\/wp\/v2\/categories?post=3244"},{"taxonomy":"post_tag","embeddable":true,"href":"https:\/\/codexflores.ch\/index.php\/wp-json\/wp\/v2\/tags?post=3244"}],"curies":[{"name":"wp","href":"https:\/\/api.w.org\/{rel}","templated":true}]}}