{"id":3246,"date":"2017-06-08T05:27:52","date_gmt":"2017-06-08T05:27:52","guid":{"rendered":"https:\/\/codexflores.ch\/index.php\/2017\/06\/08\/instrumentales-amateurmusizieren-ist-immaterielles-kulturerbe\/"},"modified":"2017-06-08T05:27:52","modified_gmt":"2017-06-08T05:27:52","slug":"instrumentales-amateurmusizieren-ist-immaterielles-kulturerbe","status":"publish","type":"post","link":"https:\/\/codexflores.ch\/index.php\/2017\/06\/08\/instrumentales-amateurmusizieren-ist-immaterielles-kulturerbe\/","title":{"rendered":"Instrumentales Amateurmusizieren ist Immaterielles Kulturerbe"},"content":{"rendered":"<p><span style=\"font-family: arial,helvetica,sans-serif; font-size: small;\">08.06.2017 &#8212; Auf Vorschlag des Deutschen Musikrates ist in Zusammenarbeit mit der Bundesvereinigung Deutscher Orchesterverb\u00e4nde (BDO) das instrumentale Laien- und Amateurmusizieren in das deutsche Verzeichnis des Immateriellen Kulturerbes aufgenommen worden.<\/span><\/p>\n<p><span style=\"font-family: arial,helvetica,sans-serif; font-size: small;\"><strong>08.06.2017 &#8212; Auf Vorschlag des Deutschen Musikrates ist in Zusammenarbeit mit der Bundesvereinigung Deutscher Orchesterverb\u00e4nde (BDO) das instrumentale Laien- und Amateurmusizieren in das deutsche Verzeichnis des Immateriellen Kulturerbes aufgenommen worden.<\/strong><\/span><\/p>\n<p><span style=\"font-family: arial,helvetica,sans-serif; font-size: small;\">\u00a0<\/span><\/p>\n<p><span style=\"font-family: arial,helvetica,sans-serif; font-size: small;\">Laut Christian H\u00f6ppner, Generalsekret\u00e4r des Deutschen Musikrates, sind rund zwei Millionen Musikerinnen und Musiker aktiv in Verb\u00e4nden der instrumentalen Amateurmusik t\u00e4tig. Sie lebten die kulturelle Vielfalt in unserem Land, pflegen kulturelle Br\u00e4uche und g\u00e4ben sie an nachfolgende Generationen weiter. Die Aufnahme in das bundesweite Verzeichnis zeichne \u00abdas vielf\u00e4ltige Engagement dieser Menschen in besonderer Weise aus\u00bb und unterstreiche damit die Bedeutung der Amateurmusik f\u00fcr unsere Gesellschaft.\u00a0<\/span><\/p>\n<p><span style=\"font-family: arial,helvetica,sans-serif; font-size: small;\">\u00a0<\/span><\/p>\n<p><span style=\"font-family: arial,helvetica,sans-serif; font-size: small;\">Das Bundesweite Verzeichnis des Immateriellen Kulturerbes w\u00e4chst von Jahr zu Jahr und macht die Vielfalt kultureller Ausdrucksformen in und aus Deutschland sichtbar. Derzeit befinden sich 68 Kulturformen und vier Programme in dem Verzeichnis. <em>(cf)<\/em><\/span><\/p>\n","protected":false},"excerpt":{"rendered":"<p><span style=\"font-family: arial,helvetica,sans-serif; font-size: small;\">08.06.2017 &#8212; Auf Vorschlag des Deutschen Musikrates ist in Zusammenarbeit mit der Bundesvereinigung Deutscher Orchesterverb\u00e4nde (BDO) das instrumentale Laien- und Amateurmusizieren in das deutsche Verzeichnis des Immateriellen Kulturerbes aufgenommen worden.<\/span><\/p>\n","protected":false},"author":1,"featured_media":0,"comment_status":"open","ping_status":"open","sticky":false,"template":"","format":"standard","meta":{"footnotes":""},"categories":[2],"tags":[],"class_list":["post-3246","post","type-post","status-publish","format-standard","hentry","category-nachrichten","entry"],"_links":{"self":[{"href":"https:\/\/codexflores.ch\/index.php\/wp-json\/wp\/v2\/posts\/3246","targetHints":{"allow":["GET"]}}],"collection":[{"href":"https:\/\/codexflores.ch\/index.php\/wp-json\/wp\/v2\/posts"}],"about":[{"href":"https:\/\/codexflores.ch\/index.php\/wp-json\/wp\/v2\/types\/post"}],"author":[{"embeddable":true,"href":"https:\/\/codexflores.ch\/index.php\/wp-json\/wp\/v2\/users\/1"}],"replies":[{"embeddable":true,"href":"https:\/\/codexflores.ch\/index.php\/wp-json\/wp\/v2\/comments?post=3246"}],"version-history":[{"count":0,"href":"https:\/\/codexflores.ch\/index.php\/wp-json\/wp\/v2\/posts\/3246\/revisions"}],"wp:attachment":[{"href":"https:\/\/codexflores.ch\/index.php\/wp-json\/wp\/v2\/media?parent=3246"}],"wp:term":[{"taxonomy":"category","embeddable":true,"href":"https:\/\/codexflores.ch\/index.php\/wp-json\/wp\/v2\/categories?post=3246"},{"taxonomy":"post_tag","embeddable":true,"href":"https:\/\/codexflores.ch\/index.php\/wp-json\/wp\/v2\/tags?post=3246"}],"curies":[{"name":"wp","href":"https:\/\/api.w.org\/{rel}","templated":true}]}}