{"id":3248,"date":"2017-06-12T05:58:15","date_gmt":"2017-06-12T05:58:15","guid":{"rendered":"https:\/\/codexflores.ch\/index.php\/2017\/06\/12\/europaeisches-zentrum-fuer-arabische-musik-in-berlin\/"},"modified":"2017-06-12T05:58:15","modified_gmt":"2017-06-12T05:58:15","slug":"europaeisches-zentrum-fuer-arabische-musik-in-berlin","status":"publish","type":"post","link":"https:\/\/codexflores.ch\/index.php\/2017\/06\/12\/europaeisches-zentrum-fuer-arabische-musik-in-berlin\/","title":{"rendered":"Europ\u00e4isches Zentrum f\u00fcr arabische Musik in Berlin"},"content":{"rendered":"<p><span style=\"font-family: arial,helvetica,sans-serif; font-size: small;\">12.06.2017 &#8212; Berlin soll zum wichtigsten Ort f\u00fcr Musik aus dem Orient in Europa werden. Daniel Barenboim will dazu seine f\u00fcr sein West Eastern Divan Orchestra gegr\u00fcndete Akademie ausbauen.<\/span><\/p>\n<p>\u00a0<\/p>\n<p><span style=\"font-family: arial,helvetica,sans-serif; font-size: small;\"><strong>12.06.2017 &#8212; Berlin soll zum wichtigsten Ort f\u00fcr Musik aus dem Orient in Europa werden. Daniel Barenboim will dazu seine f\u00fcr sein West Eastern Divan Orchestra gegr\u00fcndete Akademie ausbauen.<\/strong><\/span><\/p>\n<p>\u00a0<\/p>\n<p><span style=\"font-family: arial,helvetica,sans-serif; font-size: small;\">Wie das deutsche Kulturinformationszentrum (KIZ) schreibt, soll der Pierre Boulez Saal neben der Staatsoper Unter den Linden, der nach Pl\u00e4nen des Architekten Frank Gehry gebaut worden ist, zum Herzst\u00fcck des Zentrums werden.<\/span><\/p>\n<p>\u00a0<\/p>\n<p><span style=\"font-family: arial,helvetica,sans-serif; font-size: small;\">Als Vorbild f\u00fcr das Begegnungszentrum denkt Barenboim \u00aban die Konferenz f\u00fcr arabische Musik, an der 1932 in Kairo auch europ\u00e4ische Komponisten wie B\u00e9la B\u00e1rtok und Paul Hindemith teilnahmen\u00bb, schreibt das KIZ. In der kommenden Spielzeit sollen neben Kammermusikensembles auch Musiker aus Nahost und Asien auftreten.<\/span><\/p>\n<p>\u00a0<\/p>\n<p><span style=\"font-family: arial,helvetica,sans-serif; font-size: small;\">Der neue Konzertsaal bietet mit seiner elliptischen Form und dem flexiblen B\u00fchnenaufbau vielf\u00e4ltige Gestaltungsm\u00f6glichkeiten und Platz f\u00fcr rund 700 Besucher. F\u00fcr die Akustik des Saales ist der f\u00fcr seine Expertise bekannte japanische Akustiker Yasuhisa Toyota verantwortlich. Sowohl Frank Gehry als auch Yasuhisa Toyota haben ihre Arbeiten der Barenboim-\u00adSaid-Akademie gro\u00dfz\u00fcgig zum Geschenk gemacht und auf ein Honorar verzichtet.<em> (cf)<\/em><\/span><\/p>\n","protected":false},"excerpt":{"rendered":"<p><span style=\"font-family: arial,helvetica,sans-serif; font-size: small;\">12.06.2017 &#8212; Berlin soll zum wichtigsten Ort f\u00fcr Musik aus dem Orient in Europa werden. Daniel Barenboim will dazu seine f\u00fcr sein West Eastern Divan Orchestra gegr\u00fcndete Akademie ausbauen.<\/span><\/p>\n","protected":false},"author":1,"featured_media":0,"comment_status":"open","ping_status":"open","sticky":false,"template":"","format":"standard","meta":{"footnotes":""},"categories":[2],"tags":[],"class_list":["post-3248","post","type-post","status-publish","format-standard","hentry","category-nachrichten","entry"],"_links":{"self":[{"href":"https:\/\/codexflores.ch\/index.php\/wp-json\/wp\/v2\/posts\/3248","targetHints":{"allow":["GET"]}}],"collection":[{"href":"https:\/\/codexflores.ch\/index.php\/wp-json\/wp\/v2\/posts"}],"about":[{"href":"https:\/\/codexflores.ch\/index.php\/wp-json\/wp\/v2\/types\/post"}],"author":[{"embeddable":true,"href":"https:\/\/codexflores.ch\/index.php\/wp-json\/wp\/v2\/users\/1"}],"replies":[{"embeddable":true,"href":"https:\/\/codexflores.ch\/index.php\/wp-json\/wp\/v2\/comments?post=3248"}],"version-history":[{"count":0,"href":"https:\/\/codexflores.ch\/index.php\/wp-json\/wp\/v2\/posts\/3248\/revisions"}],"wp:attachment":[{"href":"https:\/\/codexflores.ch\/index.php\/wp-json\/wp\/v2\/media?parent=3248"}],"wp:term":[{"taxonomy":"category","embeddable":true,"href":"https:\/\/codexflores.ch\/index.php\/wp-json\/wp\/v2\/categories?post=3248"},{"taxonomy":"post_tag","embeddable":true,"href":"https:\/\/codexflores.ch\/index.php\/wp-json\/wp\/v2\/tags?post=3248"}],"curies":[{"name":"wp","href":"https:\/\/api.w.org\/{rel}","templated":true}]}}