{"id":3251,"date":"2017-06-14T05:45:37","date_gmt":"2017-06-14T05:45:37","guid":{"rendered":"https:\/\/codexflores.ch\/index.php\/2017\/06\/14\/heranwachsende-profitieren-von-kulturellen-aktivitaeten\/"},"modified":"2017-06-14T05:45:37","modified_gmt":"2017-06-14T05:45:37","slug":"heranwachsende-profitieren-von-kulturellen-aktivitaeten","status":"publish","type":"post","link":"https:\/\/codexflores.ch\/index.php\/2017\/06\/14\/heranwachsende-profitieren-von-kulturellen-aktivitaeten\/","title":{"rendered":"Heranwachsende profitieren von kulturellen Aktivit\u00e4ten"},"content":{"rendered":"<p><span style=\"font-family: arial,helvetica,sans-serif; font-size: small;\">14.06.2017 &#8212; Sechs Studien der empirischen Bildungsforschung im deutschen Forschungsfonds Kulturelle Bildung, darunter eine der Fachhochschule Nordwestschweiz, sollen belegen, dass kulturelle Aktivit\u00e4ten Heranwachsende in ihrer pers\u00f6nlichen Entwicklung wirksam unterst\u00fctzen.<\/span><\/p>\n<p><span style=\"font-family: arial,helvetica,sans-serif; font-size: small;\"><strong>14.06.2017 &#8212; Sechs Studien der empirischen Bildungsforschung im deutschen Forschungsfonds Kulturelle Bildung, darunter eine der Fachhochschule Nordwestschweiz, sollen belegen, dass kulturelle Aktivit\u00e4ten Heranwachsende in ihrer pers\u00f6nlichen Entwicklung wirksam unterst\u00fctzen.<\/strong><\/span><\/p>\n<p><span style=\"font-family: arial,helvetica,sans-serif; font-size: small;\">\u00a0<\/span><\/p>\n<p><span style=\"font-family: arial,helvetica,sans-serif; font-size: small;\">Laut Nicole Berner von der Fachhochschule Nordwestschweiz zeigt die Studie KuBIK5 der Fachhochschule Nordwestschweiz,\u00a0 dass \u00abSch\u00fclerinnen und Sch\u00fcler, die im Verlauf des f\u00fcnften Schuljahres auf die eine oder andere Weise tanz-, musik-, kunst- oder theaterp\u00e4dagogisch aktiv waren, sich in Teilbereichen ihrer Kreativit\u00e4t g\u00fcnstiger entwickeln konnten als Sch\u00fclerinnen und Sch\u00fcler, die keine kulturellen Angebote w\u00e4hrend des f\u00fcnften Schuljahres besucht haben.\u00bb<\/span><\/p>\n<p><span style=\"font-family: arial,helvetica,sans-serif; font-size: small;\">\u00a0<\/span><\/p>\n<p><span style=\"font-family: arial,helvetica,sans-serif; font-size: small;\">Der vom Rat f\u00fcr Kulturelle Bildung e.V. getragene und mit Mitteln der Stiftung Mercator gef\u00f6rderte Fonds besteht seit Anfang 2015. Nach einem unabh\u00e4ngigen wissenschaftlichen Begutachtungs- und Auswahlverfahren aus \u00fcber 70 Antr\u00e4gen wurden daraus bis Juni 2017 sechs Forschungsprojekte mit rund 1,2 Millionen Euro unterst\u00fctzt. 30 Wissenschaftlerinnen und Wissenschaftler f\u00fchrten die interdisziplin\u00e4ren Studien an zw\u00f6lf Universit\u00e4ten, Hochschulen und Instituten durch. <\/span><\/p>\n<p>\u00a0<\/p>\n<p><span style=\"font-family: arial,helvetica,sans-serif; font-size: small;\">Rund 3200 Kinder, Jugendliche, Studierende sowie K\u00fcnstlerinnen und K\u00fcnstler wurden dazu beim Tanzen, beim Lesen literarischer Texte, beim Gestalten von Bildern und Skulpturen sowie beim Musizieren oder H\u00f6ren von Musik im Hinblick auf ihren Erwerb von \u00e4sthetischen, emotionalen, kognitiven, sensomotorischen und sozialen Erfahrungen und Kompetenzen begleitet. <em>(cf)<\/em><\/span><\/p>\n","protected":false},"excerpt":{"rendered":"<p><span style=\"font-family: arial,helvetica,sans-serif; font-size: small;\">14.06.2017 &#8212; Sechs Studien der empirischen Bildungsforschung im deutschen Forschungsfonds Kulturelle Bildung, darunter eine der Fachhochschule Nordwestschweiz, sollen belegen, dass kulturelle Aktivit\u00e4ten Heranwachsende in ihrer pers\u00f6nlichen Entwicklung wirksam unterst\u00fctzen.<\/span><\/p>\n","protected":false},"author":1,"featured_media":0,"comment_status":"open","ping_status":"open","sticky":false,"template":"","format":"standard","meta":{"footnotes":""},"categories":[2],"tags":[],"class_list":["post-3251","post","type-post","status-publish","format-standard","hentry","category-nachrichten","entry"],"_links":{"self":[{"href":"https:\/\/codexflores.ch\/index.php\/wp-json\/wp\/v2\/posts\/3251","targetHints":{"allow":["GET"]}}],"collection":[{"href":"https:\/\/codexflores.ch\/index.php\/wp-json\/wp\/v2\/posts"}],"about":[{"href":"https:\/\/codexflores.ch\/index.php\/wp-json\/wp\/v2\/types\/post"}],"author":[{"embeddable":true,"href":"https:\/\/codexflores.ch\/index.php\/wp-json\/wp\/v2\/users\/1"}],"replies":[{"embeddable":true,"href":"https:\/\/codexflores.ch\/index.php\/wp-json\/wp\/v2\/comments?post=3251"}],"version-history":[{"count":0,"href":"https:\/\/codexflores.ch\/index.php\/wp-json\/wp\/v2\/posts\/3251\/revisions"}],"wp:attachment":[{"href":"https:\/\/codexflores.ch\/index.php\/wp-json\/wp\/v2\/media?parent=3251"}],"wp:term":[{"taxonomy":"category","embeddable":true,"href":"https:\/\/codexflores.ch\/index.php\/wp-json\/wp\/v2\/categories?post=3251"},{"taxonomy":"post_tag","embeddable":true,"href":"https:\/\/codexflores.ch\/index.php\/wp-json\/wp\/v2\/tags?post=3251"}],"curies":[{"name":"wp","href":"https:\/\/api.w.org\/{rel}","templated":true}]}}