{"id":3255,"date":"2017-06-19T09:28:06","date_gmt":"2017-06-19T09:28:06","guid":{"rendered":"https:\/\/codexflores.ch\/index.php\/2017\/06\/19\/hengelbrock-verlaesst-ndr-elbphilharmonie\/"},"modified":"2017-06-19T09:28:06","modified_gmt":"2017-06-19T09:28:06","slug":"hengelbrock-verlaesst-ndr-elbphilharmonie","status":"publish","type":"post","link":"https:\/\/codexflores.ch\/index.php\/2017\/06\/19\/hengelbrock-verlaesst-ndr-elbphilharmonie\/","title":{"rendered":"Hengelbrock verl\u00e4sst NDR Elbphilharmonie"},"content":{"rendered":"<p><span style=\"font-family: arial,helvetica,sans-serif; font-size: small;\">19.06.2017 &#8212; Thomas Hengelbrock wird seinen Vertrag als Chefdirigent des NDR Elbphilharmonie Orchesters \u00fcber die Saison 2018\/19 hinaus nicht verl\u00e4ngern. Der NDR wird seine Nachfolge in K\u00fcrze bekannt geben.<\/span><\/p>\n<p><span style=\"font-family: arial,helvetica,sans-serif; font-size: small;\"><strong>19.06.2017 &#8212; Thomas Hengelbrock wird seinen Vertrag als Chefdirigent des NDR Elbphilharmonie Orchesters \u00fcber die Saison 2018\/19 hinaus nicht verl\u00e4ngern. Der NDR wird seine Nachfolge in K\u00fcrze bekannt geben.<\/strong><\/span><\/p>\n<p><span style=\"font-family: arial,helvetica,sans-serif; font-size: small;\">\u00a0<\/span><\/p>\n<p><span style=\"font-family: arial,helvetica,sans-serif; font-size: small;\">Nach acht Jahren an der Spitze des Residenzorchesters der Elbphilharmonie wolle er wieder mehr Zeit haben, um sich intensiver anderen k\u00fcnstlerischen Herausforderungen widmen zu k\u00f6nnen, heisst es in der offiziellen Mitteilung. Er werde dem NDR jedoch auch nach 2019 weiterhin regelm\u00e4ssig f\u00fcr spezielle Konzertprojekte zur Verf\u00fcgung stehen.<\/span><\/p>\n<p><span style=\"font-family: arial,helvetica,sans-serif; font-size: small;\">\u00a0<\/span><\/p>\n<p><span style=\"font-family: arial,helvetica,sans-serif; font-size: small;\">Hengelbrock ist auch Leiter der Balthasar-Neumann-Ensembles sowie Chef associ\u00e9 des Orchestre de Paris. Zuvor amtete er als k\u00fcnstlerischer Leiter der Deutschen Kammerphilharmonie Bremen (1995\u20131998) und als Leiter des Feldkirch Festivals (2000\u20132006) sowie als Musikdirektor der Wiener Volksoper (2000\u20132003). <em>(cf)\u00a0<\/em> <\/span><\/p>\n<p><span style=\"font-family: arial,helvetica,sans-serif; font-size: small;\">\u00a0<\/span><\/p>\n","protected":false},"excerpt":{"rendered":"<p><span style=\"font-family: arial,helvetica,sans-serif; font-size: small;\">19.06.2017 &#8212; Thomas Hengelbrock wird seinen Vertrag als Chefdirigent des NDR Elbphilharmonie Orchesters \u00fcber die Saison 2018\/19 hinaus nicht verl\u00e4ngern. Der NDR wird seine Nachfolge in K\u00fcrze bekannt geben.<\/span><\/p>\n","protected":false},"author":1,"featured_media":0,"comment_status":"open","ping_status":"open","sticky":false,"template":"","format":"standard","meta":{"footnotes":""},"categories":[2],"tags":[],"class_list":["post-3255","post","type-post","status-publish","format-standard","hentry","category-nachrichten","entry"],"_links":{"self":[{"href":"https:\/\/codexflores.ch\/index.php\/wp-json\/wp\/v2\/posts\/3255","targetHints":{"allow":["GET"]}}],"collection":[{"href":"https:\/\/codexflores.ch\/index.php\/wp-json\/wp\/v2\/posts"}],"about":[{"href":"https:\/\/codexflores.ch\/index.php\/wp-json\/wp\/v2\/types\/post"}],"author":[{"embeddable":true,"href":"https:\/\/codexflores.ch\/index.php\/wp-json\/wp\/v2\/users\/1"}],"replies":[{"embeddable":true,"href":"https:\/\/codexflores.ch\/index.php\/wp-json\/wp\/v2\/comments?post=3255"}],"version-history":[{"count":0,"href":"https:\/\/codexflores.ch\/index.php\/wp-json\/wp\/v2\/posts\/3255\/revisions"}],"wp:attachment":[{"href":"https:\/\/codexflores.ch\/index.php\/wp-json\/wp\/v2\/media?parent=3255"}],"wp:term":[{"taxonomy":"category","embeddable":true,"href":"https:\/\/codexflores.ch\/index.php\/wp-json\/wp\/v2\/categories?post=3255"},{"taxonomy":"post_tag","embeddable":true,"href":"https:\/\/codexflores.ch\/index.php\/wp-json\/wp\/v2\/tags?post=3255"}],"curies":[{"name":"wp","href":"https:\/\/api.w.org\/{rel}","templated":true}]}}