{"id":3257,"date":"2017-06-20T14:34:55","date_gmt":"2017-06-20T14:34:55","guid":{"rendered":"https:\/\/codexflores.ch\/index.php\/2017\/06\/20\/nott-bleibt-bei-der-jungen-deutschen-philharmonie\/"},"modified":"2017-06-20T14:34:55","modified_gmt":"2017-06-20T14:34:55","slug":"nott-bleibt-bei-der-jungen-deutschen-philharmonie","status":"publish","type":"post","link":"https:\/\/codexflores.ch\/index.php\/2017\/06\/20\/nott-bleibt-bei-der-jungen-deutschen-philharmonie\/","title":{"rendered":"Nott bleibt bei der Jungen Deutschen Philharmonie"},"content":{"rendered":"<p><span style=\"font-family: arial,helvetica,sans-serif; font-size: small;\">20.06.2017 &#8212; Jonathan Nott hat seinen Vertrag als\u00a0Erster Dirigent und K\u00fcnstlerischer Berater der Jungen Deutschen Philharmonie um weitere drei Jahre bis Juni 2022 verl\u00e4ngert.<\/span><\/p>\n<p><span style=\"font-family: arial,helvetica,sans-serif; font-size: small;\"><strong>20.06.2017 &#8212; Jonathan Nott hat seinen Vertrag als\u00a0Erster Dirigent und K\u00fcnstlerischer Berater der Jungen Deutschen Philharmonie um weitere drei Jahre bis Juni 2022 verl\u00e4ngert.<\/strong><\/span><\/p>\n<p><span style=\"font-family: arial,helvetica,sans-serif; font-size: small;\">\u00a0<\/span><\/p>\n<p><span style=\"font-family: arial,helvetica,sans-serif; font-size: small;\">Nott \u00fcbernahm das Amt 2014 von Lothar Zagrosek. Seitdem ging er einmal j\u00e4hrlich mit dem ensemble auf Tournee. Das Repertoire, von Joseph Haydn \u00fcber Maurice Ravel und Gustav Mahler bis hin zu Gy\u00f6rgy Ligeti, Edgar Var\u00e8se und Sofia Gubaidulina, spiegelte dabei den Weiterbildungsanspruch des Orchesters.<\/span><\/p>\n<p>\u00a0<\/p>\n<p><span style=\"font-family: arial,helvetica,sans-serif; font-size: small;\">Auch \u00fcber die gemeinsame Konzertt\u00e4tigkeit hinaus pr\u00e4gt Jonathan Nott die Entwicklung der Jungen Deutschen Philharmonie: So ist kurz nach seinem Amtsantritt bei der Jungen Deutschen Philharmonie die Patenschaft der Bamberger Symphoniker, deren Chefdirigent er von 2000 bis 2016 war, entstanden. Das n\u00e4chste Mal gehen Jonathan Nott und die Junge Deutsche Philharmonie im Herbst 2018 gemeinsam auf Tournee. <em>(cf)\u00a0<\/em><\/span> <\/p>\n","protected":false},"excerpt":{"rendered":"<p><span style=\"font-family: arial,helvetica,sans-serif; font-size: small;\">20.06.2017 &#8212; Jonathan Nott hat seinen Vertrag als\u00a0Erster Dirigent und K\u00fcnstlerischer Berater der Jungen Deutschen Philharmonie um weitere drei Jahre bis Juni 2022 verl\u00e4ngert.<\/span><\/p>\n","protected":false},"author":1,"featured_media":0,"comment_status":"open","ping_status":"open","sticky":false,"template":"","format":"standard","meta":{"footnotes":""},"categories":[2],"tags":[],"class_list":["post-3257","post","type-post","status-publish","format-standard","hentry","category-nachrichten","entry"],"_links":{"self":[{"href":"https:\/\/codexflores.ch\/index.php\/wp-json\/wp\/v2\/posts\/3257","targetHints":{"allow":["GET"]}}],"collection":[{"href":"https:\/\/codexflores.ch\/index.php\/wp-json\/wp\/v2\/posts"}],"about":[{"href":"https:\/\/codexflores.ch\/index.php\/wp-json\/wp\/v2\/types\/post"}],"author":[{"embeddable":true,"href":"https:\/\/codexflores.ch\/index.php\/wp-json\/wp\/v2\/users\/1"}],"replies":[{"embeddable":true,"href":"https:\/\/codexflores.ch\/index.php\/wp-json\/wp\/v2\/comments?post=3257"}],"version-history":[{"count":0,"href":"https:\/\/codexflores.ch\/index.php\/wp-json\/wp\/v2\/posts\/3257\/revisions"}],"wp:attachment":[{"href":"https:\/\/codexflores.ch\/index.php\/wp-json\/wp\/v2\/media?parent=3257"}],"wp:term":[{"taxonomy":"category","embeddable":true,"href":"https:\/\/codexflores.ch\/index.php\/wp-json\/wp\/v2\/categories?post=3257"},{"taxonomy":"post_tag","embeddable":true,"href":"https:\/\/codexflores.ch\/index.php\/wp-json\/wp\/v2\/tags?post=3257"}],"curies":[{"name":"wp","href":"https:\/\/api.w.org\/{rel}","templated":true}]}}