{"id":3259,"date":"2017-06-21T05:53:12","date_gmt":"2017-06-21T05:53:12","guid":{"rendered":"https:\/\/codexflores.ch\/index.php\/2017\/06\/21\/luzerner-sinfonieorchester-baut-probenhaus\/"},"modified":"2017-06-21T05:53:12","modified_gmt":"2017-06-21T05:53:12","slug":"luzerner-sinfonieorchester-baut-probenhaus","status":"publish","type":"post","link":"https:\/\/codexflores.ch\/index.php\/2017\/06\/21\/luzerner-sinfonieorchester-baut-probenhaus\/","title":{"rendered":"Luzerner Sinfonieorchester baut Probenhaus"},"content":{"rendered":"<p><span style=\"font-family: arial,helvetica,sans-serif; font-size: small;\">21.06.2017 &#8212; Das Luzerner Sinfonieorchester tr\u00e4gt ab der Saison 2017\/18 offiziell den Titel \u00abResidenzorchester KKL Luzern\u00bb. Es will \u00fcberdies auf dem S\u00fcdpol-Areal ein eigenes Probenhaus erstellen. <\/span><\/p>\n<p><span style=\"font-family: arial,helvetica,sans-serif; font-size: small;\"><strong><span style=\"font-family: arial,helvetica,sans-serif; font-size: small;\">21.06.2017 &#8211;Das Luzerner Sinfonieorchester tr\u00e4gt ab der Saison 2017\/18 offiziell den Titel \u00abResidenzorchester KKL Luzern\u00bb. Es will \u00fcberdies auf dem S\u00fcdpol-Areal ein eigenes Probenhaus erstellen.<\/span><br \/><\/strong><\/span><\/p>\n<p><span style=\"font-family: arial,helvetica,sans-serif; font-size: small;\">\u00a0<\/span><\/p>\n<p><span style=\"font-family: arial,helvetica,sans-serif; font-size: small;\">In der kommenden Saision will das Orchester seiner Gr\u00fcnderzeit 1805\/06 und einem wichtigen Kapitel der Luzerner Musikgeschichte Rechnung getragen. Auch Rarit\u00e4ten wie Strawinskys Trauermusik, die nach der Urauff\u00fchrung bis 2015 verschollen war, oder Dieter Ammanns \u00abglut\u00bb werden ins Programm eingebunden. Im Rahmen von Zaubersee wird der Schwerpunkt der russischen Musik weitergef\u00fchrt. Die Reihe der Gipfelwerke auf dem Pilatus widmet sich an drei Wochenenden dem Schaffen Franz Schuberts und an einem weiteren dem Gedenken des Pianisten G\u00e9za Anda.<\/span><\/p>\n<p>\u00a0<\/p>\n<p><span style=\"font-family: arial,helvetica,sans-serif; font-size: small;\">Gemeinsam mit Sch\u00fclerinnen und Sch\u00fclern der Kantonsschule Alpenquai Luzern wird die Komposition \u00abHarmony and understanding for orchestra and audience\u00bb von David Lang im Rahmen des 50-Jahre-Jubil\u00e4ums der Kantonsschule uraufgef\u00fchrt. Als Schweizer Erstauff\u00fchrung spielt die erst 13-j\u00e4hrige britische Komponistin Alma Deutscher ihre Konzert f\u00fcr Klavier und Orchester. <\/span><\/p>\n<p><span style=\"font-family: arial,helvetica,sans-serif; font-size: small;\">\u00a0<\/span><\/p>\n<p><span style=\"font-family: arial,helvetica,sans-serif; font-size: small;\">Hauptnutzer des geplanten Probenhauses wird das Luzerner Sinfonieorchester. Daneben soll es auch von anderen Institutionen aus dem Luzerner Musikleben genutzt werden k\u00f6nnen. Mit dem \u00abBlasorchester Stadtmusik Luzern\u00bb werden bereits entsprechende Gespr\u00e4che gef\u00fchrt. Auf dem S\u00fcdpol-Areal entsteht in der n\u00e4chsten Zeit neben der schon vorhandenen Musikschule sowie dem Kulturzentrum S\u00fcdpol auch die neue Musikhochschule. Zusammen mit den dort untergebrachten R\u00e4umlichkeiten des Luzerner Theaters entsteht so ein ganzer Musikcampus. <em>(cf)<\/em><\/span><\/p>\n","protected":false},"excerpt":{"rendered":"<p><span style=\"font-family: arial,helvetica,sans-serif; font-size: small;\">21.06.2017 &#8212; Das Luzerner Sinfonieorchester tr\u00e4gt ab der Saison 2017\/18 offiziell den Titel \u00abResidenzorchester KKL Luzern\u00bb. Es will \u00fcberdies auf dem S\u00fcdpol-Areal ein eigenes Probenhaus erstellen. <\/span><\/p>\n","protected":false},"author":1,"featured_media":0,"comment_status":"open","ping_status":"open","sticky":false,"template":"","format":"standard","meta":{"footnotes":""},"categories":[2],"tags":[],"class_list":["post-3259","post","type-post","status-publish","format-standard","hentry","category-nachrichten","entry"],"_links":{"self":[{"href":"https:\/\/codexflores.ch\/index.php\/wp-json\/wp\/v2\/posts\/3259","targetHints":{"allow":["GET"]}}],"collection":[{"href":"https:\/\/codexflores.ch\/index.php\/wp-json\/wp\/v2\/posts"}],"about":[{"href":"https:\/\/codexflores.ch\/index.php\/wp-json\/wp\/v2\/types\/post"}],"author":[{"embeddable":true,"href":"https:\/\/codexflores.ch\/index.php\/wp-json\/wp\/v2\/users\/1"}],"replies":[{"embeddable":true,"href":"https:\/\/codexflores.ch\/index.php\/wp-json\/wp\/v2\/comments?post=3259"}],"version-history":[{"count":0,"href":"https:\/\/codexflores.ch\/index.php\/wp-json\/wp\/v2\/posts\/3259\/revisions"}],"wp:attachment":[{"href":"https:\/\/codexflores.ch\/index.php\/wp-json\/wp\/v2\/media?parent=3259"}],"wp:term":[{"taxonomy":"category","embeddable":true,"href":"https:\/\/codexflores.ch\/index.php\/wp-json\/wp\/v2\/categories?post=3259"},{"taxonomy":"post_tag","embeddable":true,"href":"https:\/\/codexflores.ch\/index.php\/wp-json\/wp\/v2\/tags?post=3259"}],"curies":[{"name":"wp","href":"https:\/\/api.w.org\/{rel}","templated":true}]}}