{"id":3260,"date":"2017-06-21T08:49:34","date_gmt":"2017-06-21T08:49:34","guid":{"rendered":"https:\/\/codexflores.ch\/index.php\/2017\/06\/21\/rhapsody-for-an-unknown-klezmer\/"},"modified":"2017-06-21T08:49:34","modified_gmt":"2017-06-21T08:49:34","slug":"rhapsody-for-an-unknown-klezmer","status":"publish","type":"post","link":"https:\/\/codexflores.ch\/index.php\/2017\/06\/21\/rhapsody-for-an-unknown-klezmer\/","title":{"rendered":"Rhapsody for an unknown Klezmer"},"content":{"rendered":"<p><span style=\"font-family: arial,helvetica,sans-serif; font-size: small;\"><img loading=\"lazy\" decoding=\"async\" src=\"images\/bilder2017\/170618eisel.jpg\" border=\"0\" alt=\"Cover Buch\" width=\"100\" height=\"101\" style=\"float: left; margin: 8px;\" \/>17.06.2017 &#8212; Musikstile spezieller Volksgruppen machen in der Regel einen Unterschied zwischen ihren eigenen Musikern und Fremden, die sich ihren Stil aneignen. Sie grenzen sich gerne ab, um ihre oftmals bedrohte Identit\u00e4t zu wahren. Dies ist etwa im urt\u00fcmlichen Blues der Fall, im Flamenco, ganz zu schweigen von den Kunstmusiken Westafrikas oder Indiens mit ihren Musikerz\u00fcnften. Auch die Musik der ostj\u00fcdischen V\u00f6lker, der Klezmer, kennt diesen Unterschied. Alle diese Stile haben allerdings gerade wegen ihrer Authentizit\u00e4t eine emotionale Tiefe, die allgemein Menschliches zum Ausdruck bringt. Gerade die Begegnungen von Insidern und Aussenstehenden schaffen deshalb eine unversal g\u00fcltige Kunst von aussergw\u00f6hnlicher Kraft, man denke etwa an Paco de Lucia und Camar\u00f3n de la Isla, die f\u00fcr den Flamenco Massst\u00e4be gesetzt haben. Auch der Klarinettist Helmut Eisel ist ein Aussenstehender. Ihn hat Giora Feidman, der \u00dcbervater des universalen Klezmer, angeregt, in dem Stil zu komponieren, urspr\u00fcnglich f\u00fcr ein Konzert in der Holocaust-Gedenkst\u00e4tte Yad Vashem.<\/span><\/p>\n<p><span style=\"font-family: arial,helvetica,sans-serif; font-size: small;\"><span style=\"font-family: arial,helvetica,sans-serif; font-size: small;\"><img loading=\"lazy\" decoding=\"async\" src=\"images\/bilder2017\/170618eisel.jpg\" border=\"0\" alt=\"Cover Buch\" width=\"100\" height=\"101\" style=\"float: left; margin: 8px;\" \/>17.06.2017 &#8212; Musikstile spezieller Volksgruppen machen in der Regel einen Unterschied zwischen ihren eigenen Musikern und Fremden, die sich ihren Stil aneignen. Sie grenzen sich gerne ab, um ihre oftmals bedrohte Identit\u00e4t zu wahren. Dies ist etwa im urt\u00fcmlichen Blues der Fall, im Flamenco, ganz zu schweigen von den Kunstmusiken Westafrikas oder Indiens mit ihren Musikerz\u00fcnften. Auch die Musik der ostj\u00fcdischen V\u00f6lker, der Klezmer, kennt diesen Unterschied. Alle diese Stile haben allerdings gerade wegen ihrer Authentizit\u00e4t eine emotionale Tiefe, die allgemein Menschliches zum Ausdruck bringt. Gerade die Begegnungen von Insidern und Aussenstehenden schaffen deshalb eine unversal g\u00fcltige Kunst von aussergw\u00f6hnlicher Kraft, man denke etwa an Paco de Lucia und Camar\u00f3n de la Isla, die f\u00fcr den Flamenco Massst\u00e4be gesetzt haben. Auch der Klarinettist Helmut Eisel ist ein Aussenstehender. Ihn hat Giora Feidman, der \u00dcbervater des universalen Klezmer, angeregt, in dem Stil zu komponieren, urspr\u00fcnglich f\u00fcr ein Konzert in der Holocaust-Gedenkst\u00e4tte Yad Vashem.<\/span><\/span><\/p>\n<p>\u00a0<\/p>\n<p><span style=\"font-family: arial,helvetica,sans-serif; font-size: small;\">Zu dem Auftrag sind sp\u00e4ter weitere Werke hinzugekommen, die Eisel und die W\u00fcrttembergische Philharmonie Reutlingen auf der CD \u00abRhapsody for an unknown Klezmer &#8211; Talking Clarinet meets Orchestra\u00bb dokumentieren. Eisel veranstaltet gerne Workshops mit Schulen, einige St\u00fccke auf der CD sind auch in diesem Umfeld entstanden. Dirigent ist Daniel Huppert, den man in der Schweiz als Leiter der Zuger Sinfonietta kennt.<\/span><\/p>\n<p>\u00a0<\/p>\n<p><span style=\"font-family: arial,helvetica,sans-serif; font-size: small;\">Eisel verf\u00fcgt wie viele Klarinettisten des Klezmer-Stils \u00fcber ein ausserordentlich reiches Repertoire an Spieltechniken, Klangfarben und Effekten, die seine Musik hochdifferenziert, expressiv und emotional beleben. Dieses \u00dcberstr\u00f6men an Ideenreichtum und Stimmungsmodulationen widerspiegelt sich auch in seinen Kompositionen, die formal wenig geschlossen eine F\u00fclle an Einf\u00e4llen pr\u00e4sentieren. Man h\u00e4tte sich gew\u00fcnscht, dass diese Viefalt sich auch in der Instrumentierung \u2012 sie stammt zum Teil von Eisel, zum Teil vom Pianisten Sebastian Voltz \u2012 niedergeschlagen h\u00e4tte. Im Gegensatz zur Soloklarinette begn\u00fcgt sie sich allerdings oftmals mit eher grobfl\u00e4chigen Filmmusik-Effekten.<\/span><\/p>\n<p>\u00a0<\/p>\n<p><span style=\"font-family: arial,helvetica,sans-serif; font-size: small;\">Als einzige Fremdkomposition findet sich auf der CD Max Bruchs \u00abKol Nidrei\u00bb, im Original f\u00fcr Cello und Orchester, die gelungene Bearbeitung f\u00fcr Klarinette macht daraus zum Teil ein anderes St\u00fcck, das gegen\u00fcber der Originalkomposition Bruchs aber nicht abf\u00e4llt. <em>(wb) <\/em><\/span><\/p>\n<p>\u00a0<\/p>\n<p><span style=\"font-family: arial,helvetica,sans-serif; font-size: small;\"><strong>Info:<\/strong> Helmut Eisel: Rhapsody for an unknown Klezmer &#8211; Talking Clarinet meets Orchestra. Helmut Eisel (Klarinette), W\u00fcrttembergische Philharmonie Reutlingen, Leitung: Daniel Huppert; Kinderchor Chooories des Liederkranz Reutlingen; Sing Kids and Capoda des Gesangsvereins Raidwangen. Animato 2016<\/span><\/p>\n","protected":false},"excerpt":{"rendered":"<p><span style=\"font-family: arial,helvetica,sans-serif; font-size: small;\"><img loading=\"lazy\" decoding=\"async\" src=\"images\/bilder2017\/170618eisel.jpg\" border=\"0\" alt=\"Cover Buch\" width=\"100\" height=\"101\" style=\"float: left; margin: 8px;\" \/>17.06.2017 &#8212; Musikstile spezieller Volksgruppen machen in der Regel einen Unterschied zwischen ihren eigenen Musikern und Fremden, die sich ihren Stil aneignen. Sie grenzen sich gerne ab, um ihre oftmals bedrohte Identit\u00e4t zu wahren. Dies ist etwa im urt\u00fcmlichen Blues der Fall, im Flamenco, ganz zu schweigen von den Kunstmusiken Westafrikas oder Indiens mit ihren Musikerz\u00fcnften. Auch die Musik der ostj\u00fcdischen V\u00f6lker, der Klezmer, kennt diesen Unterschied. Alle diese Stile haben allerdings gerade wegen ihrer Authentizit\u00e4t eine emotionale Tiefe, die allgemein Menschliches zum Ausdruck bringt. Gerade die Begegnungen von Insidern und Aussenstehenden schaffen deshalb eine unversal g\u00fcltige Kunst von aussergw\u00f6hnlicher Kraft, man denke etwa an Paco de Lucia und Camar\u00f3n de la Isla, die f\u00fcr den Flamenco Massst\u00e4be gesetzt haben. Auch der Klarinettist Helmut Eisel ist ein Aussenstehender. Ihn hat Giora Feidman, der \u00dcbervater des universalen Klezmer, angeregt, in dem Stil zu komponieren, urspr\u00fcnglich f\u00fcr ein Konzert in der Holocaust-Gedenkst\u00e4tte Yad Vashem.<\/span><\/p>\n","protected":false},"author":1,"featured_media":0,"comment_status":"open","ping_status":"open","sticky":false,"template":"","format":"standard","meta":{"footnotes":""},"categories":[4],"tags":[],"class_list":["post-3260","post","type-post","status-publish","format-standard","hentry","category-im-gespraech","entry"],"_links":{"self":[{"href":"https:\/\/codexflores.ch\/index.php\/wp-json\/wp\/v2\/posts\/3260","targetHints":{"allow":["GET"]}}],"collection":[{"href":"https:\/\/codexflores.ch\/index.php\/wp-json\/wp\/v2\/posts"}],"about":[{"href":"https:\/\/codexflores.ch\/index.php\/wp-json\/wp\/v2\/types\/post"}],"author":[{"embeddable":true,"href":"https:\/\/codexflores.ch\/index.php\/wp-json\/wp\/v2\/users\/1"}],"replies":[{"embeddable":true,"href":"https:\/\/codexflores.ch\/index.php\/wp-json\/wp\/v2\/comments?post=3260"}],"version-history":[{"count":0,"href":"https:\/\/codexflores.ch\/index.php\/wp-json\/wp\/v2\/posts\/3260\/revisions"}],"wp:attachment":[{"href":"https:\/\/codexflores.ch\/index.php\/wp-json\/wp\/v2\/media?parent=3260"}],"wp:term":[{"taxonomy":"category","embeddable":true,"href":"https:\/\/codexflores.ch\/index.php\/wp-json\/wp\/v2\/categories?post=3260"},{"taxonomy":"post_tag","embeddable":true,"href":"https:\/\/codexflores.ch\/index.php\/wp-json\/wp\/v2\/tags?post=3260"}],"curies":[{"name":"wp","href":"https:\/\/api.w.org\/{rel}","templated":true}]}}